{"id":24916,"date":"2017-10-11T11:10:00","date_gmt":"2017-10-11T09:10:00","guid":{"rendered":"https:\/\/alzira.es\/els-pins-del-parc-de-l-alquenencia-rebran-un-tractament-silvicola-per-millorar-el-seu-aspecte\/"},"modified":"2017-10-11T11:10:00","modified_gmt":"2017-10-11T09:10:00","slug":"els-pins-del-parc-de-l-alquenencia-rebran-un-tractament-silvicola-per-millorar-el-seu-aspecte","status":"publish","type":"post","link":"https:\/\/alzira.es\/es\/els-pins-del-parc-de-l-alquenencia-rebran-un-tractament-silvicola-per-millorar-el-seu-aspecte\/","title":{"rendered":"Els pins del parc de l\u2019Alquen\u00e8ncia rebran un tractament silv\u00edcola per millorar el seu aspecte"},"content":{"rendered":"<div style=\"text-align: justify;\">Alzira, 11 d&#8217;octubre de 2017.-&nbsp; Segons l\u2019informe t\u00e8cnic de zones verdes que ha realitzat la regidoria de Serveis&nbsp; P\u00fablics, els pins del parc de l\u2019Alquen\u00e8ncia mai han rebut el tractament corresponent orientat a reduir la seua densitat, per esta ra\u00f3 el parc compta actualment amb una superf\u00edcie de pinars excessivament densa que dificulta el bons transcurs de l\u2019arbratge.<\/div>\n<div style=\"text-align: justify;\">&nbsp;<\/div>\n<div style=\"text-align: justify;\">Fernando Pascual, regidor de Serveis P\u00fablics i Gesti\u00f3 Urban\u00edstica, considera que \u201c\u00e9s moment per a portar a terme les mesures corresponents perqu\u00e8 el parc llu\u00efsca un bon aspecte, i l\u2019arbratge aporta zones de descans i d\u2019ombra, al mateix temps que forma part d\u2019un dels pulmons de la ciutat. El parc de l\u2019Alquen\u00e8ncia \u00e9s un espai que estem recuperant, des de fa un temps, tant com a espai verd com a per a zona d\u2019activitats l\u00fadiques i d\u2019oci, i hem de continuar donant-li vida i salut\u201d.<\/div>\n<div style=\"text-align: justify;\">&nbsp;<\/div>\n<div style=\"text-align: justify;\">Els treballs de neteja a realitzar consistixen en tallar o extraure els arbres en pitjors condicions, tenint amb compte certs criteris com observar a quins no els aplega la llum o s\u2019han quedat baix les copes dels pins propers, tamb\u00e9 aquells que han crescut amb una inclinaci\u00f3 de 54\u00ba o mal conformats. Tamb\u00e9 es tindran amb compte aquells arbres o pins que hi requerixen extracci\u00f3, pel contrari, sols rebran una poda del 1\/3 de les branques, aproximadament.<\/div>\n<div style=\"text-align: justify;\">&nbsp;<\/div>\n<div style=\"text-align: justify;\">Amb esta t\u00e8cnica de clarejament es pret\u00e9n potenciar els millors arbres i es reduir\u00e0 la compet\u00e8ncia per aigua, nutrients i llum d\u2019entre ells, afavorint una millor qualitat en la vegetaci\u00f3 del parc.<\/div>\n<div style=\"text-align: justify;\">&nbsp;<\/div>\n<div style=\"text-align: center;\"><a class=\"jcepopup\" title=\"pins del parc de l\u2019Alquen\u00e8ncia\" href=\"https:\/\/alzira.es\/wp-content\/uploads\/2016\/02\/parc.jpg\" target=\"_blank\" rel=\"noopener\"><img fetchpriority=\"high\" decoding=\"async\" class=\" size-full wp-image-14242\" title=\"pins del parc de l\u2019Alquen\u00e8ncia\" src=\"https:\/\/alzira.es\/wp-content\/uploads\/2016\/02\/parc.jpg\" alt=\"parc\" width=\"426\" height=\"320\" \/><\/a>&nbsp;<a class=\"jcepopup\" style=\"font-size: 14.4px; text-align: center;\" title=\"pins del parc de l\u2019Alquen\u00e8ncia\" type=\"image\" href=\"https:\/\/alzira.es\/wp-content\/uploads\/2017\/10\/mapa_alzira.jpg\" target=\"_blank\" rel=\"noopener\"><img decoding=\"async\" class=\"size-full wp-image-24914 lazyload\" title=\"pins del parc de l\u2019Alquen\u00e8ncia\" data-src=\"https:\/\/alzira.es\/wp-content\/uploads\/2017\/10\/mapa_alzira.jpg\" alt=\"mapa alzira\" width=\"393\" height=\"320\" data-srcset=\"https:\/\/alzira.es\/wp-content\/uploads\/2017\/10\/mapa_alzira.jpg 811w, https:\/\/alzira.es\/wp-content\/uploads\/2017\/10\/mapa_alzira-627x510.jpg 627w, https:\/\/alzira.es\/wp-content\/uploads\/2017\/10\/mapa_alzira-768x625.jpg 768w\" data-sizes=\"(max-width: 393px) 100vw, 393px\" src=\"data:image\/svg+xml;base64,PHN2ZyB3aWR0aD0iMSIgaGVpZ2h0PSIxIiB4bWxucz0iaHR0cDovL3d3dy53My5vcmcvMjAwMC9zdmciPjwvc3ZnPg==\" style=\"--smush-placeholder-width: 393px; --smush-placeholder-aspect-ratio: 393\/320;\" \/><\/a><\/div>\n","protected":false},"excerpt":{"rendered":"<p>Alzira, 11 d&#8217;octubre de 2017.-&nbsp; Segons l\u2019informe t\u00e8cnic de zones verdes que ha realitzat la regidoria de Serveis&nbsp; P\u00fablics, els pins del parc de l\u2019Alquen\u00e8ncia mai han rebut el tractament corresponent orientat a reduir la seua densitat, per esta ra\u00f3 el parc compta actualment amb una superf\u00edcie de pinars excessivament densa que dificulta el bons &hellip; <\/p>\n<p class=\"link-more\"><a href=\"https:\/\/alzira.es\/es\/els-pins-del-parc-de-l-alquenencia-rebran-un-tractament-silvicola-per-millorar-el-seu-aspecte\/\" class=\"more-link\">Continuar leyendo<span class=\"screen-reader-text\"> \u00abEls pins del parc de l\u2019Alquen\u00e8ncia rebran un tractament silv\u00edcola per millorar el seu aspecte\u00bb<\/span><\/a><\/p>\n","protected":false},"author":29,"featured_media":14242,"comment_status":"","ping_status":"","sticky":false,"template":"","format":"standard","meta":{"_acf_changed":false,"footnotes":""},"categories":[1893],"tags":[],"class_list":["post-24916","post","type-post","status-publish","format-standard","has-post-thumbnail","hentry","category-hemeroteca"],"acf":[],"_links":{"self":[{"href":"https:\/\/alzira.es\/es\/wp-json\/wp\/v2\/posts\/24916","targetHints":{"allow":["GET"]}}],"collection":[{"href":"https:\/\/alzira.es\/es\/wp-json\/wp\/v2\/posts"}],"about":[{"href":"https:\/\/alzira.es\/es\/wp-json\/wp\/v2\/types\/post"}],"author":[{"embeddable":true,"href":"https:\/\/alzira.es\/es\/wp-json\/wp\/v2\/users\/29"}],"replies":[{"embeddable":true,"href":"https:\/\/alzira.es\/es\/wp-json\/wp\/v2\/comments?post=24916"}],"version-history":[{"count":0,"href":"https:\/\/alzira.es\/es\/wp-json\/wp\/v2\/posts\/24916\/revisions"}],"wp:featuredmedia":[{"embeddable":true,"href":"https:\/\/alzira.es\/es\/wp-json\/wp\/v2\/media\/14242"}],"wp:attachment":[{"href":"https:\/\/alzira.es\/es\/wp-json\/wp\/v2\/media?parent=24916"}],"wp:term":[{"taxonomy":"category","embeddable":true,"href":"https:\/\/alzira.es\/es\/wp-json\/wp\/v2\/categories?post=24916"},{"taxonomy":"post_tag","embeddable":true,"href":"https:\/\/alzira.es\/es\/wp-json\/wp\/v2\/tags?post=24916"}],"curies":[{"name":"wp","href":"https:\/\/api.w.org\/{rel}","templated":true}]}}