{"id":24763,"date":"2017-10-05T08:00:36","date_gmt":"2017-10-05T06:00:36","guid":{"rendered":"https:\/\/alzira.es\/europeizacion-del-ceip-gloria-fuertes\/"},"modified":"2017-10-05T08:00:36","modified_gmt":"2017-10-05T06:00:36","slug":"europeizacion-del-ceip-gloria-fuertes","status":"publish","type":"post","link":"https:\/\/alzira.es\/es\/europeizacion-del-ceip-gloria-fuertes\/","title":{"rendered":"\u00abEuropeizaci\u00f3n\u00bb del CEIP Gloria Fuertes"},"content":{"rendered":"<p style=\"text-align: justify;\">En los \u00faltimos d\u00edas el CEIP Gloria Fuertes de Alzira est\u00e1 realizando una serie de actividades encaminadas a su \u201ceuropeizaci\u00f3n\u201d. En primer lugar, dos representantes del centro visitaron la ciudad de Bydgoszcz (Polonia) para conocer de primera mano el centro con el que compartimos proyecto (Misiolandia). Tambi\u00e9n realizamos las reuniones previstas con los representantes de los otros pa\u00edses con los que formamos el proyecto europeo VITAL: Fondazione Cresci@mo, Bridgewater PrimarySchool and Leap Ltd.<\/p>\n<p style=\"text-align: justify;\">La pr\u00f3xima formaci\u00f3n del proyecto se realizar\u00e1 en Valencia en noviembre y los maestros europeos participantes visitar\u00e1n nuestro centro con el fin de observar buenas pr\u00e1cticas.<\/p>\n<p style=\"text-align: justify;\">&nbsp; &nbsp; &nbsp;<img fetchpriority=\"high\" decoding=\"async\" class=\" size-full wp-image-24750\" src=\"https:\/\/alzira.es\/wp-content\/uploads\/2017\/10\/22008006_1486533518101531_8729563965556411853_n.jpg\" alt=\"22008006 1486533518101531 8729563965556411853 n\" width=\"411\" height=\"308\" srcset=\"https:\/\/alzira.es\/wp-content\/uploads\/2017\/10\/22008006_1486533518101531_8729563965556411853_n.jpg 960w, https:\/\/alzira.es\/wp-content\/uploads\/2017\/10\/22008006_1486533518101531_8729563965556411853_n-680x510.jpg 680w, https:\/\/alzira.es\/wp-content\/uploads\/2017\/10\/22008006_1486533518101531_8729563965556411853_n-768x576.jpg 768w\" sizes=\"(max-width: 411px) 100vw, 411px\" \/>&nbsp; &nbsp; &nbsp;<img decoding=\"async\" class=\"size-full wp-image-24752 lazyload\" data-src=\"https:\/\/alzira.es\/wp-content\/uploads\/2017\/10\/22090203_623039368084708_2057657292434661405_n.jpg\" alt=\"22090203 623039368084708 2057657292434661405 n\" width=\"460\" height=\"306\" data-srcset=\"https:\/\/alzira.es\/wp-content\/uploads\/2017\/10\/22090203_623039368084708_2057657292434661405_n.jpg 960w, https:\/\/alzira.es\/wp-content\/uploads\/2017\/10\/22090203_623039368084708_2057657292434661405_n-680x453.jpg 680w, https:\/\/alzira.es\/wp-content\/uploads\/2017\/10\/22090203_623039368084708_2057657292434661405_n-768x512.jpg 768w\" data-sizes=\"(max-width: 460px) 100vw, 460px\" src=\"data:image\/svg+xml;base64,PHN2ZyB3aWR0aD0iMSIgaGVpZ2h0PSIxIiB4bWxucz0iaHR0cDovL3d3dy53My5vcmcvMjAwMC9zdmciPjwvc3ZnPg==\" style=\"--smush-placeholder-width: 460px; --smush-placeholder-aspect-ratio: 460\/306;\" \/>&nbsp; &nbsp; &nbsp;<img decoding=\"async\" class=\"size-full wp-image-24755 lazyload\" data-src=\"https:\/\/alzira.es\/wp-content\/uploads\/2017\/10\/IMG_20170927_103218.jpg\" alt=\"IMG 20170927 103218\" width=\"405\" height=\"304\" src=\"data:image\/svg+xml;base64,PHN2ZyB3aWR0aD0iMSIgaGVpZ2h0PSIxIiB4bWxucz0iaHR0cDovL3d3dy53My5vcmcvMjAwMC9zdmciPjwvc3ZnPg==\" style=\"--smush-placeholder-width: 405px; --smush-placeholder-aspect-ratio: 405\/304;\" \/><\/p>\n<p style=\"text-align: justify;\">En segundo lugar, ya han empezado a realizar las pr\u00e1cticas Erasmus dos de las maestras que se incorporan este mes de Octubre. Ser\u00e1n en total cuatro maestros procedentes de Turqu\u00eda y Azerbaijan. Estas futuras maestras estar\u00e1n seis meses al CEIP Gloria Fuertes con el fin de conocer nuestras metodolog\u00edas en Infantil y Primaria.<\/p>\n<p style=\"text-align: justify;\">Por \u00faltimo, pr\u00f3ximamente contaremos con la presencia de otra voluntaria europea procedente de Croacia. Con ella ser\u00e1n dos los voluntarios que este curso participar\u00e1n en nuestro d\u00eda a d\u00eda aportando sus conocimientos y habilidades. IDEA nos est\u00e1 ayudando en todo este proceso. En las fotograf\u00edas se puede ver el trabajo de nuestro voluntario, Murat, en su rinc\u00f3n de Turqu\u00eda establecido en el hall del centro.<\/p>\n<p style=\"text-align: justify;\">&nbsp; &nbsp; &nbsp;<img decoding=\"async\" class=\"size-full wp-image-24758 lazyload\" data-src=\"https:\/\/alzira.es\/wp-content\/uploads\/2017\/10\/IMG_20170928_123541.jpg\" alt=\"IMG 20170928 123541\" width=\"404\" height=\"303\" src=\"data:image\/svg+xml;base64,PHN2ZyB3aWR0aD0iMSIgaGVpZ2h0PSIxIiB4bWxucz0iaHR0cDovL3d3dy53My5vcmcvMjAwMC9zdmciPjwvc3ZnPg==\" style=\"--smush-placeholder-width: 404px; --smush-placeholder-aspect-ratio: 404\/303;\" \/>&nbsp; &nbsp; &nbsp;<img decoding=\"async\" class=\"size-full wp-image-24761 lazyload\" data-src=\"https:\/\/alzira.es\/wp-content\/uploads\/2017\/10\/IMG_20171002_120613.jpg\" alt=\"IMG 20171002 120613\" width=\"405\" height=\"304\" src=\"data:image\/svg+xml;base64,PHN2ZyB3aWR0aD0iMSIgaGVpZ2h0PSIxIiB4bWxucz0iaHR0cDovL3d3dy53My5vcmcvMjAwMC9zdmciPjwvc3ZnPg==\" style=\"--smush-placeholder-width: 405px; --smush-placeholder-aspect-ratio: 405\/304;\" \/><\/p>\n<p style=\"text-align: justify;\">Para m\u00e1s informaci\u00f3n alrededor del proyecto europeo pod\u00e9is consultar: <br \/><a href=\"https:\/\/vitalprojectuk.edublogs.org\/\">https:\/\/vitalprojectuk.edublogs.org\/<\/a><\/p>\n<p>&nbsp;<\/p>\n","protected":false},"excerpt":{"rendered":"<p>En los \u00faltimos d\u00edas el CEIP Gloria Fuertes de Alzira est\u00e1 realizando una serie de actividades encaminadas a su \u201ceuropeizaci\u00f3n\u201d. En primer lugar, dos representantes del centro visitaron la ciudad de Bydgoszcz (Polonia) para conocer de primera mano el centro con el que compartimos proyecto (Misiolandia). Tambi\u00e9n realizamos las reuniones previstas con los representantes de &hellip; <\/p>\n<p class=\"link-more\"><a href=\"https:\/\/alzira.es\/es\/europeizacion-del-ceip-gloria-fuertes\/\" class=\"more-link\">Continuar leyendo<span class=\"screen-reader-text\"> \u00ab\u00abEuropeizaci\u00f3n\u00bb del CEIP Gloria Fuertes\u00bb<\/span><\/a><\/p>\n","protected":false},"author":20,"featured_media":24750,"comment_status":"","ping_status":"","sticky":false,"template":"","format":"standard","meta":{"_acf_changed":false,"footnotes":""},"categories":[],"tags":[],"class_list":["post-24763","post","type-post","status-publish","format-standard","has-post-thumbnail","hentry"],"acf":[],"_links":{"self":[{"href":"https:\/\/alzira.es\/es\/wp-json\/wp\/v2\/posts\/24763","targetHints":{"allow":["GET"]}}],"collection":[{"href":"https:\/\/alzira.es\/es\/wp-json\/wp\/v2\/posts"}],"about":[{"href":"https:\/\/alzira.es\/es\/wp-json\/wp\/v2\/types\/post"}],"author":[{"embeddable":true,"href":"https:\/\/alzira.es\/es\/wp-json\/wp\/v2\/users\/20"}],"replies":[{"embeddable":true,"href":"https:\/\/alzira.es\/es\/wp-json\/wp\/v2\/comments?post=24763"}],"version-history":[{"count":0,"href":"https:\/\/alzira.es\/es\/wp-json\/wp\/v2\/posts\/24763\/revisions"}],"wp:featuredmedia":[{"embeddable":true,"href":"https:\/\/alzira.es\/es\/wp-json\/wp\/v2\/media\/24750"}],"wp:attachment":[{"href":"https:\/\/alzira.es\/es\/wp-json\/wp\/v2\/media?parent=24763"}],"wp:term":[{"taxonomy":"category","embeddable":true,"href":"https:\/\/alzira.es\/es\/wp-json\/wp\/v2\/categories?post=24763"},{"taxonomy":"post_tag","embeddable":true,"href":"https:\/\/alzira.es\/es\/wp-json\/wp\/v2\/tags?post=24763"}],"curies":[{"name":"wp","href":"https:\/\/api.w.org\/{rel}","templated":true}]}}