{"id":24314,"date":"2017-09-04T09:48:57","date_gmt":"2017-09-04T07:48:57","guid":{"rendered":"https:\/\/alzira.es\/ajudes-per-al-transport-d-estudiants-universitaris-de-l-ajuntament-d-alzira\/"},"modified":"2017-09-04T09:48:57","modified_gmt":"2017-09-04T07:48:57","slug":"ajudes-per-al-transport-d-estudiants-universitaris-de-l-ajuntament-d-alzira","status":"publish","type":"post","link":"https:\/\/alzira.es\/es\/ajudes-per-al-transport-d-estudiants-universitaris-de-l-ajuntament-d-alzira\/","title":{"rendered":"Ajudes per al transport d&#8217;estudiants universitaris de l&#8217;Ajuntament d&#8217;Alzira"},"content":{"rendered":"<p><span style=\"color: #3366ff;\"><strong>OBJECTE:<\/strong><\/span><\/p>\n<p style=\"text-align: justify;\">L\u2019objecte de la present convocat\u00f2ria \u00e9s col\u00b7laborar amb les despeses de despla\u00e7ament derivades de la realitzaci\u00f3 d\u2019estudis universitaris en les universitats publiques i privades que integren el Sistema Universitari Valenci\u00e0, aix\u00ed com els seus centres adscrits, situats fora del terme municipal d\u2019Alzira.<\/p>\n<p>&nbsp;<\/p>\n<p><strong><span style=\"color: #3366ff;\">BENEFICIARIS:<\/span><\/strong><\/p>\n<p>Podran sol\u00b7licitar esta ajuda l\u2019alumnat que reunisca i acredite documentalment els seg\u00fcents requisits abans que finalitze el termini de la convocat\u00f2ria:<\/p>\n<p>1. Alumnat matriculat durant el curs 2017-2018, almenys el 50 % del curs lectiu (excepte aquells estudiants que justifiquen que els queden menys de 30 cr\u00e8dits per a finalitzar els estudis) en qualsevol dels ensenyaments seg\u00fcents:<br \/>&nbsp; &nbsp; &nbsp;\u2022 Ensenyaments universitaris adaptats a l\u2019Espai Europeu d\u2019Educaci\u00f3 Superior conduents a t\u00edtols oficials de grau.<br \/>&nbsp; &nbsp; &nbsp;\u2022 Ensenyaments universitaris conduents a l\u2019obtenci\u00f3 dels t\u00edtols de llicenciat, enginyer, arquitecte, diplomat, mestre, enginyer t\u00e8cnic i arquitecte t\u00e8cnic.<\/p>\n<p>2. Estar empadronat a Alzira amb una antiguitat m\u00ednima de 24 mesos.<\/p>\n<p>3. Ser espanyol, o posseir la nacionalitat d\u2019un estat membre de la Uni\u00f3 Europea. En el cas de ciutadans de la Uni\u00f3 o dels seus familiars, beneficiaris dels drets de lliure circulaci\u00f3 i resid\u00e8ncia, es requerir\u00e0 que tinguen la condici\u00f3 de residents permanents o que acrediten ser personal treballador per compte propi o d\u2019altre. Tindran la consideraci\u00f3 de \u00abfamiliars\u00bb el c\u00f2njuge o la parella de la uni\u00f3 de fet formalitzada aix\u00ed com els ascendents directes a c\u00e0rrec i els descendents directes a c\u00e0rrec menors de 30 anys.<\/p>\n<p>4. Ser menor de 30 anys durant l\u2019any natural de la convocat\u00f2ria.<\/p>\n<p>5. No trobar-se incurs en cap de les circumst\u00e0ncies arreplegades en l\u2019article 13.2 de la Llei 38\/2003, de 17 de novembre, General de Subvencions.<\/p>\n<p>6. Estar al corrent en el compliment de les seues obligacions tribut\u00e0ries i davant de la Seguretat Social, la qual cosa s\u2019acreditar\u00e0 mitjan\u00e7ant declaraci\u00f3 responsable<\/p>\n<p>7. No superar els llindars de renda familiar seg\u00fcents:<\/p>\n<p>&nbsp; &nbsp; &nbsp; &nbsp; &nbsp; Fam\u00edlies de dos membres 24.089,00<br \/>&nbsp; &nbsp; &nbsp; &nbsp; &nbsp; Fam\u00edlies de tres membres 32.697,00<br \/>&nbsp; &nbsp; &nbsp; &nbsp; &nbsp; Fam\u00edlies de quatre membres 38.831,00<br \/>&nbsp; &nbsp; &nbsp; &nbsp; &nbsp; Fam\u00edlies de cinc membres 43.402,00<br \/>&nbsp; &nbsp; &nbsp; &nbsp; &nbsp; Fam\u00edlies de sis membres 46.853,00<br \/>&nbsp; &nbsp; &nbsp; &nbsp; &nbsp; Fam\u00edlies de set membres 50.267,00<br \/>&nbsp; &nbsp; &nbsp; &nbsp; &nbsp; Fam\u00edlies de huit membres 53.665,00<br \/>A partir de l\u2019octau membre, s\u2019afegiran 3.391 euros a la renda de la unitat familiar per cada nou membre computable.<\/p>\n<p>8. EXCLUSI\u00d3: Queden exclosos aquells\/es que estiguen en possessi\u00f3 o reunisquen els requisits legals per a l&#8217;expedici\u00f3 d&#8217;un t\u00edtol de grau universitari.<\/p>\n<p>Ser\u00e0 requisit <strong><span style=\"color: #ff0000;\">IMPRESCINDIBLE<\/span><\/strong> per a participar en el present proc\u00e9s selectiu, que els\/les interessats\/des aporten els documents acreditatius del compliment dels requisits exigits anteriorment, dins del termini de presentaci\u00f3 de sol\u2022licituds establit en la present convocat\u00f2ria.<\/p>\n<p>La <strong><span style=\"color: #ff0000;\">NO APORTACI\u00d3<\/span><\/strong> de qualsevol document que justifique els dits requisits implicar\u00e0 l\u2019exclusi\u00f3 de la present convocat\u00f2ria.<\/p>\n<p style=\"text-align: justify;\">&nbsp;<\/p>\n<p style=\"text-align: justify;\"><strong style=\"color: #3366ff; font-size: 14.4px;\">TERMINI DE PRESENTACI\u00d3: <span style=\"color: #ff0000;\">Pendent de la convocat\u00f2ria del 2018<\/span><\/strong><\/p>\n<p><span style=\"color: #3366ff;\"><span style=\"color: #000000;\">&nbsp;<\/span><\/span><\/p>\n<p><span style=\"color: #3366ff;\"><span style=\"color: #000000;\">&nbsp;<\/span><strong><br \/><\/strong><\/span><\/p>\n<p><a href=\"https:\/\/sedeelectronica.alzira.es\/PortalCiudadano\/tramites\/browser.do\" target=\"_blank\" rel=\"noopener\"><span style=\"color: #3366ff;\"><strong>M\u00c9S INFORMACI\u00d3<\/strong><\/span><\/a><\/p>\n","protected":false},"excerpt":{"rendered":"<p>OBJECTE: L\u2019objecte de la present convocat\u00f2ria \u00e9s col\u00b7laborar amb les despeses de despla\u00e7ament derivades de la realitzaci\u00f3 d\u2019estudis universitaris en les universitats publiques i privades que integren el Sistema Universitari Valenci\u00e0, aix\u00ed com els seus centres adscrits, situats fora del terme municipal d\u2019Alzira. &nbsp; BENEFICIARIS: Podran sol\u00b7licitar esta ajuda l\u2019alumnat que reunisca i acredite documentalment &hellip; <\/p>\n<p class=\"link-more\"><a href=\"https:\/\/alzira.es\/es\/ajudes-per-al-transport-d-estudiants-universitaris-de-l-ajuntament-d-alzira\/\" class=\"more-link\">Continuar leyendo<span class=\"screen-reader-text\"> \u00abAjudes per al transport d&#8217;estudiants universitaris de l&#8217;Ajuntament d&#8217;Alzira\u00bb<\/span><\/a><\/p>\n","protected":false},"author":20,"featured_media":0,"comment_status":"","ping_status":"","sticky":false,"template":"","format":"standard","meta":{"_acf_changed":false,"footnotes":""},"categories":[],"tags":[],"class_list":["post-24314","post","type-post","status-publish","format-standard","hentry"],"acf":[],"_links":{"self":[{"href":"https:\/\/alzira.es\/es\/wp-json\/wp\/v2\/posts\/24314","targetHints":{"allow":["GET"]}}],"collection":[{"href":"https:\/\/alzira.es\/es\/wp-json\/wp\/v2\/posts"}],"about":[{"href":"https:\/\/alzira.es\/es\/wp-json\/wp\/v2\/types\/post"}],"author":[{"embeddable":true,"href":"https:\/\/alzira.es\/es\/wp-json\/wp\/v2\/users\/20"}],"replies":[{"embeddable":true,"href":"https:\/\/alzira.es\/es\/wp-json\/wp\/v2\/comments?post=24314"}],"version-history":[{"count":0,"href":"https:\/\/alzira.es\/es\/wp-json\/wp\/v2\/posts\/24314\/revisions"}],"wp:attachment":[{"href":"https:\/\/alzira.es\/es\/wp-json\/wp\/v2\/media?parent=24314"}],"wp:term":[{"taxonomy":"category","embeddable":true,"href":"https:\/\/alzira.es\/es\/wp-json\/wp\/v2\/categories?post=24314"},{"taxonomy":"post_tag","embeddable":true,"href":"https:\/\/alzira.es\/es\/wp-json\/wp\/v2\/tags?post=24314"}],"curies":[{"name":"wp","href":"https:\/\/api.w.org\/{rel}","templated":true}]}}