{"id":17313,"date":"2016-06-13T14:00:33","date_gmt":"2016-06-13T12:00:33","guid":{"rendered":"https:\/\/alzira.es\/musical-del-rei-lleo-al-ceip-federico-garcia-sanchiz\/"},"modified":"2016-06-13T14:00:33","modified_gmt":"2016-06-13T12:00:33","slug":"musical-del-rei-lleo-al-ceip-federico-garcia-sanchiz","status":"publish","type":"post","link":"https:\/\/alzira.es\/es\/musical-del-rei-lleo-al-ceip-federico-garcia-sanchiz\/","title":{"rendered":"Musical del Rei Lle\u00f3 al CEIP Federico Garc\u00eda Sanchiz"},"content":{"rendered":"<p style=\"text-align: justify;\">El passat dimecres 8 de juny es va estrenar al Gran Teatre d\u2019Alzira el musical del \u201cRey Le\u00f3n\u201d, protagonitzat per l\u2019alumnat del menjador del CEIP Federico Garc\u00eda Sanchiz d\u2019Alzira. La presentaci\u00f3, on m\u00e9s de 800 persones van gaudir d\u2019un gran espectacle musical, va ser una explosi\u00f3 de m\u00fasica, balls i vestits.<\/p>\n<p>El musical forma part del Segell fgs, on fam\u00edlies, professorat, alumnat, Ajuntament d\u2019Alzira i empresa de menjador Serunion han treballat conjuntament per a fer possible un somni proposat al mes de setembre siga una realitat al mes de juny.<\/p>\n<p style=\"text-align: justify;\"><img fetchpriority=\"high\" decoding=\"async\" class=\" size-full wp-image-17310\" src=\"https:\/\/alzira.es\/wp-content\/uploads\/2016\/06\/la-foto-2.jpg\" alt=\"la foto 2\" width=\"351\" height=\"197\" \/>&nbsp; &nbsp;<img decoding=\"async\" class=\"size-full wp-image-9744 lazyload\" data-src=\"https:\/\/alzira.es\/wp-content\/uploads\/2014\/12\/la-foto-3.jpg\" alt=\"la foto 3\" width=\"348\" height=\"195\" src=\"data:image\/svg+xml;base64,PHN2ZyB3aWR0aD0iMSIgaGVpZ2h0PSIxIiB4bWxucz0iaHR0cDovL3d3dy53My5vcmcvMjAwMC9zdmciPjwvc3ZnPg==\" style=\"--smush-placeholder-width: 348px; --smush-placeholder-aspect-ratio: 348\/195;\" \/>&nbsp;&nbsp;<img decoding=\"async\" class=\"size-full wp-image-9742 lazyload\" data-src=\"https:\/\/alzira.es\/wp-content\/uploads\/2014\/12\/la-foto-1.jpg\" alt=\"la foto 1\" width=\"345\" height=\"194\" src=\"data:image\/svg+xml;base64,PHN2ZyB3aWR0aD0iMSIgaGVpZ2h0PSIxIiB4bWxucz0iaHR0cDovL3d3dy53My5vcmcvMjAwMC9zdmciPjwvc3ZnPg==\" style=\"--smush-placeholder-width: 345px; --smush-placeholder-aspect-ratio: 345\/194;\" \/><\/p>\n<p>El treball ha estat dirigit per Carmen Rios conjuntament per mares coordinadores de l\u2019escola. Amb aquest projecte hem pogut treballar l\u2019expressi\u00f3 oral, la dramatitzaci\u00f3, l\u2019elaboraci\u00f3 de textos escrits, l\u2019expressi\u00f3 musical, el treball en equip, etc&#8230;; per\u00f2 el que \u00e9s m\u00e9s important, la inclusi\u00f3 sense barreres de tot l\u2019alumnat. Sens dubte una experi\u00e8ncia molt enriquidora i que de segur no oblidarem mai i que cal repetir al proper curs.<\/p>\n<p style=\"text-align: right;\">Nota de premsa elaborada pel propi centre.<\/p>\n","protected":false},"excerpt":{"rendered":"<p>El passat dimecres 8 de juny es va estrenar al Gran Teatre d\u2019Alzira el musical del \u201cRey Le\u00f3n\u201d, protagonitzat per l\u2019alumnat del menjador del CEIP Federico Garc\u00eda Sanchiz d\u2019Alzira. La presentaci\u00f3, on m\u00e9s de 800 persones van gaudir d\u2019un gran espectacle musical, va ser una explosi\u00f3 de m\u00fasica, balls i vestits. El musical forma part &hellip; <\/p>\n<p class=\"link-more\"><a href=\"https:\/\/alzira.es\/es\/musical-del-rei-lleo-al-ceip-federico-garcia-sanchiz\/\" class=\"more-link\">Continuar leyendo<span class=\"screen-reader-text\"> \u00abMusical del Rei Lle\u00f3 al CEIP Federico Garc\u00eda Sanchiz\u00bb<\/span><\/a><\/p>\n","protected":false},"author":20,"featured_media":17310,"comment_status":"","ping_status":"","sticky":false,"template":"","format":"standard","meta":{"_acf_changed":false,"footnotes":""},"categories":[1],"tags":[],"class_list":["post-17313","post","type-post","status-publish","format-standard","has-post-thumbnail","hentry","category-noticies-alzira"],"acf":[],"_links":{"self":[{"href":"https:\/\/alzira.es\/es\/wp-json\/wp\/v2\/posts\/17313","targetHints":{"allow":["GET"]}}],"collection":[{"href":"https:\/\/alzira.es\/es\/wp-json\/wp\/v2\/posts"}],"about":[{"href":"https:\/\/alzira.es\/es\/wp-json\/wp\/v2\/types\/post"}],"author":[{"embeddable":true,"href":"https:\/\/alzira.es\/es\/wp-json\/wp\/v2\/users\/20"}],"replies":[{"embeddable":true,"href":"https:\/\/alzira.es\/es\/wp-json\/wp\/v2\/comments?post=17313"}],"version-history":[{"count":0,"href":"https:\/\/alzira.es\/es\/wp-json\/wp\/v2\/posts\/17313\/revisions"}],"wp:featuredmedia":[{"embeddable":true,"href":"https:\/\/alzira.es\/es\/wp-json\/wp\/v2\/media\/17310"}],"wp:attachment":[{"href":"https:\/\/alzira.es\/es\/wp-json\/wp\/v2\/media?parent=17313"}],"wp:term":[{"taxonomy":"category","embeddable":true,"href":"https:\/\/alzira.es\/es\/wp-json\/wp\/v2\/categories?post=17313"},{"taxonomy":"post_tag","embeddable":true,"href":"https:\/\/alzira.es\/es\/wp-json\/wp\/v2\/tags?post=17313"}],"curies":[{"name":"wp","href":"https:\/\/api.w.org\/{rel}","templated":true}]}}