{"id":171510,"date":"2026-04-29T14:42:31","date_gmt":"2026-04-29T12:42:31","guid":{"rendered":"https:\/\/alzira.es\/?p=171510"},"modified":"2026-04-29T14:47:13","modified_gmt":"2026-04-29T12:47:13","slug":"finalitza-amb-exit-el-simulacre-dincendi-forestal-i-evacuacio-al-paratge-de-la-murta-dalzira","status":"publish","type":"post","link":"https:\/\/alzira.es\/es\/finalitza-amb-exit-el-simulacre-dincendi-forestal-i-evacuacio-al-paratge-de-la-murta-dalzira\/","title":{"rendered":"Finalitza amb \u00e8xit el simulacre d\u2019incendi forestal i evacuaci\u00f3 al paratge de la Murta d\u2019Alzira"},"content":{"rendered":"<p>L\u2019Ajuntament d\u2019Alzira ha dut a terme hui un simulacre d\u2019incendi i evacuaci\u00f3 al Paratge Natural Municipal de la Murta que ha finalitzat amb un resultat altament satisfactori.<\/p>\n<p>L\u2019exercici, coordinat des del lloc de comandament pel sergent dels bombers del Parc d\u2019Alzira, ha servit per a posar a prova la capacitat de resposta davant d\u2019un incendi forestal originat en una zona d\u2019interf\u00edcie urb\u00e0-forestal en un escenari advers de propagaci\u00f3 r\u00e0pida marcat pel vent de ponent.<\/p>\n<p>L&#8217;operatiu s&#8217;ha iniciat despr\u00e9s que el Vigilant Forestal Municipal detectara una columna de fum des del control d&#8217;acc\u00e9s. Immediatament, el Centre de Coordinaci\u00f3 d&#8217;Emerg\u00e8ncies ha mobilitzat un ampli dispositiu que ha incl\u00f2s Bombers, Policia Local, Agents Mediambientals, VACIF i Protecci\u00f3 Civil. En esta jornada s&#8217;ha comptat, a m\u00e9s, amb la col\u00b7laboraci\u00f3 activa de l&#8217;Associaci\u00f3 Murta i Casella.<\/p>\n<p>Durant l&#8217;exercici, s&#8217;ha constitu\u00eft el Punt de Comandament Avan\u00e7at (PMA) i s&#8217;ha comptat amb el suport aeri de l&#8217;helic\u00f2pter del GERA, que ha realitzat desc\u00e0rregues de refor\u00e7 utilitzant la bassa del Rac\u00f3 de les Vinyes.<\/p>\n<p>Un dels punts clau de la jornada ha sigut la posada en pr\u00e0ctica d\u2019una primera versi\u00f3 d\u2019un pla d\u2019evacuaci\u00f3 del paratge que actualment est\u00e0 acabant-se de dissenyar per part del servicis t\u00e8cnics municipals de l\u2019Ajuntament d\u2019Alzira. Gr\u00e0cies a les rutes d\u2019evacuaci\u00f3 i els protocols que s\u2019han posat en pr\u00e0ctica, s\u2019ha pogut gestionar amb gran flu\u00efdesa el desallotjament dels 50 alumnes de 5\u00e9 i 6\u00e9 de prim\u00e0ria del CEIP Ausi\u00e0s March, els quals han seguit els protocols de seguretat sota la supervisi\u00f3 de monitors, Protecci\u00f3 Civil i el personal de manteniment del paratge. L&#8217;exercici ha incl\u00f2s un recompte d\u2019alumnat evacuat al Monestir i el posterior trasllat a peu per la pista principal cap a l&#8217;\u00e0rea recreativa per a l\u2019embarcament en autobusos al Cam\u00ed de l\u2019Ombria. Aix\u00ed mateix, s\u2019ha simulat amb \u00e8xit el rescat aeri d\u2019un grup de senderistes voluntaris de l\u2019associaci\u00f3 Murta i Casella, amena\u00e7ats pel fum a la Creu del Cardenal i tamb\u00e9 l\u2019assist\u00e8ncia sanit\u00e0ria per part de l\u2019ambul\u00e0ncia UMAS Protecci\u00f3 Civil d\u2019Alzira, d\u2019un ferit en la part final de la pista principal.<\/p>\n<p>L\u2019avaluaci\u00f3 final de l&#8217;exercici ha confirmat el compliment dels objectius fixats, destacant l\u2019agilitat en els temps de resposta, la claredat en les comunicacions per r\u00e0dio i l\u2019efectivitat en la log\u00edstica d\u2019evacuaci\u00f3 i tall de vies.<\/p>\n<p>Amb este tipus d\u2019actuacions, l\u2019Ajuntament reafirma el seu comprom\u00eds amb la seguretat p\u00fablica i la protecci\u00f3 del nostre patrimoni natural.<\/p>\n\n\n<figure class=\"wp-block-image size-large\"><img fetchpriority=\"high\" decoding=\"async\" width=\"1430\" height=\"1072\" src=\"https:\/\/alzira.es\/wp-content\/uploads\/2026\/04\/IMG_6923.JPG-1430x1072.jpeg\" alt=\"\" class=\"wp-image-171511\" srcset=\"https:\/\/alzira.es\/wp-content\/uploads\/2026\/04\/IMG_6923.JPG-1430x1072.jpeg 1430w, https:\/\/alzira.es\/wp-content\/uploads\/2026\/04\/IMG_6923.JPG-680x510.jpeg 680w, https:\/\/alzira.es\/wp-content\/uploads\/2026\/04\/IMG_6923.JPG-768x576.jpeg 768w, https:\/\/alzira.es\/wp-content\/uploads\/2026\/04\/IMG_6923.JPG-1536x1152.jpeg 1536w, https:\/\/alzira.es\/wp-content\/uploads\/2026\/04\/IMG_6923.JPG-2048x1536.jpeg 2048w\" sizes=\"(max-width: 706px) 89vw, (max-width: 767px) 82vw, 740px\" \/><\/figure>\n","protected":false},"excerpt":{"rendered":"<p>L\u2019Ajuntament d\u2019Alzira ha dut a terme hui un simulacre d\u2019incendi i evacuaci\u00f3 al Paratge Natural Municipal de la Murta que ha finalitzat amb un resultat altament satisfactori. L\u2019exercici, coordinat des del lloc de comandament pel sergent dels bombers del Parc d\u2019Alzira, ha servit per a posar a prova la capacitat de resposta davant d\u2019un incendi &hellip; <\/p>\n<p class=\"link-more\"><a href=\"https:\/\/alzira.es\/es\/finalitza-amb-exit-el-simulacre-dincendi-forestal-i-evacuacio-al-paratge-de-la-murta-dalzira\/\" class=\"more-link\">Continuar leyendo<span class=\"screen-reader-text\"> \u00abFinalitza amb \u00e8xit el simulacre d\u2019incendi forestal i evacuaci\u00f3 al paratge de la Murta d\u2019Alzira\u00bb<\/span><\/a><\/p>\n","protected":false},"author":36,"featured_media":171511,"comment_status":"closed","ping_status":"closed","sticky":false,"template":"","format":"standard","meta":{"_acf_changed":false,"footnotes":""},"categories":[5040,1],"tags":[],"class_list":["post-171510","post","type-post","status-publish","format-standard","has-post-thumbnail","hentry","category-medi-ambient","category-noticies-alzira"],"acf":[],"_links":{"self":[{"href":"https:\/\/alzira.es\/es\/wp-json\/wp\/v2\/posts\/171510","targetHints":{"allow":["GET"]}}],"collection":[{"href":"https:\/\/alzira.es\/es\/wp-json\/wp\/v2\/posts"}],"about":[{"href":"https:\/\/alzira.es\/es\/wp-json\/wp\/v2\/types\/post"}],"author":[{"embeddable":true,"href":"https:\/\/alzira.es\/es\/wp-json\/wp\/v2\/users\/36"}],"replies":[{"embeddable":true,"href":"https:\/\/alzira.es\/es\/wp-json\/wp\/v2\/comments?post=171510"}],"version-history":[{"count":2,"href":"https:\/\/alzira.es\/es\/wp-json\/wp\/v2\/posts\/171510\/revisions"}],"predecessor-version":[{"id":171515,"href":"https:\/\/alzira.es\/es\/wp-json\/wp\/v2\/posts\/171510\/revisions\/171515"}],"wp:featuredmedia":[{"embeddable":true,"href":"https:\/\/alzira.es\/es\/wp-json\/wp\/v2\/media\/171511"}],"wp:attachment":[{"href":"https:\/\/alzira.es\/es\/wp-json\/wp\/v2\/media?parent=171510"}],"wp:term":[{"taxonomy":"category","embeddable":true,"href":"https:\/\/alzira.es\/es\/wp-json\/wp\/v2\/categories?post=171510"},{"taxonomy":"post_tag","embeddable":true,"href":"https:\/\/alzira.es\/es\/wp-json\/wp\/v2\/tags?post=171510"}],"curies":[{"name":"wp","href":"https:\/\/api.w.org\/{rel}","templated":true}]}}