{"id":171469,"date":"2026-04-27T14:04:43","date_gmt":"2026-04-27T12:04:43","guid":{"rendered":"https:\/\/alzira.es\/?p=171469"},"modified":"2026-04-27T14:33:24","modified_gmt":"2026-04-27T12:33:24","slug":"la-junta-associada-provincial-de-laecc-atorga-a-la-junta-local-dalzira-dos-mencions-especials-3","status":"publish","type":"post","link":"https:\/\/alzira.es\/es\/la-junta-associada-provincial-de-laecc-atorga-a-la-junta-local-dalzira-dos-mencions-especials-3\/","title":{"rendered":"La Junta Associada Provincial de l\u2019AECC atorga a la Junta Local d\u2019Alzira dos mencions especials"},"content":{"rendered":"<p>La Junta Local contra el C\u00e0ncer d\u2019Alzira ha sigut reconeguda amb dos mencions especials en la 64a Assemblea General Ordin\u00e0ria de la Junta Associada Provincial de Val\u00e8ncia, celebrada el passat dissabte 25 d\u2019abril.<\/p>\n<p>La primera menci\u00f3 fa refer\u00e8ncia a la recaptaci\u00f3 en la campanya de 2025, que ascendeix a 118.913,38 \u20ac, la quantitat recaptada m\u00e9s gran de la Ribera Alta. Esta primera menci\u00f3 ens porta a la segona, at\u00e9s que el total recaptat en esta campanya 2025 ha suposat un increment de 26.243,89 \u20ac en relaci\u00f3 amb els resultats econ\u00f2mics obtinguts en la campanya anterior.<\/p>\n<p>D\u2019altra banda, la col\u00b7lecta tindr\u00e0 lloc en Alzira el dimecres 29 d\u2019abril des de les 9:00 fins les 13:00 hores, en les seg\u00fcents ubicacions:<\/p>\n<p>1. Ajuntament d\u2019Alzira<\/p>\n<p>2. C\/ Riola (encreuament a Pere Morell)<\/p>\n<p>3. Centre de Salut n\u00fam. 1, C\/ La Pau<\/p>\n<p>4. Pla\u00e7a del Regne (Cajamar)<\/p>\n<p>5. Av. Sants Patrons (Iber Caja)<\/p>\n<p>6. C\/ Major Santa Catalina (Cine Colon)<\/p>\n<p>7. Pla\u00e7a Generalitat (Consum)<\/p>\n<p>8. Pla\u00e7a Major, junt a Informaci\u00f3 i Turisme<\/p>\n<p>9. C\/ Benito P\u00e9rez Gald\u00f3s 41, junt a La Meca<\/p>\n<p>10. C\/ Hort dels Frares, 32<\/p>\n<p>11. Hospital de la Ribera<\/p>\n<p>Pel que fa a la Barraca d\u2019Aig\u00fces Vives, la col\u00b7lecta es far\u00e0 el dia 9 de maig, en horari de mat\u00ed, front al restaurant La Venta.<\/p>\n\n\n<figure class=\"wp-block-image size-large\"><img fetchpriority=\"high\" decoding=\"async\" width=\"857\" height=\"1072\" src=\"https:\/\/alzira.es\/wp-content\/uploads\/2026\/04\/Assemblea-AECC_Campanya-2025-857x1072.jpeg\" alt=\"\" class=\"wp-image-171470\" srcset=\"https:\/\/alzira.es\/wp-content\/uploads\/2026\/04\/Assemblea-AECC_Campanya-2025-857x1072.jpeg 857w, https:\/\/alzira.es\/wp-content\/uploads\/2026\/04\/Assemblea-AECC_Campanya-2025-408x510.jpeg 408w, https:\/\/alzira.es\/wp-content\/uploads\/2026\/04\/Assemblea-AECC_Campanya-2025-768x960.jpeg 768w, https:\/\/alzira.es\/wp-content\/uploads\/2026\/04\/Assemblea-AECC_Campanya-2025-1229x1536.jpeg 1229w, https:\/\/alzira.es\/wp-content\/uploads\/2026\/04\/Assemblea-AECC_Campanya-2025.jpeg 1638w\" sizes=\"(max-width: 706px) 89vw, (max-width: 767px) 82vw, 740px\" \/><\/figure>\n","protected":false},"excerpt":{"rendered":"<p>La Junta Local contra el C\u00e0ncer d\u2019Alzira ha sigut reconeguda amb dos mencions especials en la 64a Assemblea General Ordin\u00e0ria de la Junta Associada Provincial de Val\u00e8ncia, celebrada el passat dissabte 25 d\u2019abril. La primera menci\u00f3 fa refer\u00e8ncia a la recaptaci\u00f3 en la campanya de 2025, que ascendeix a 118.913,38 \u20ac, la quantitat recaptada m\u00e9s &hellip; <\/p>\n<p class=\"link-more\"><a href=\"https:\/\/alzira.es\/es\/la-junta-associada-provincial-de-laecc-atorga-a-la-junta-local-dalzira-dos-mencions-especials-3\/\" class=\"more-link\">Continuar leyendo<span class=\"screen-reader-text\"> \u00abLa Junta Associada Provincial de l\u2019AECC atorga a la Junta Local d\u2019Alzira dos mencions especials\u00bb<\/span><\/a><\/p>\n","protected":false},"author":36,"featured_media":171470,"comment_status":"closed","ping_status":"closed","sticky":false,"template":"","format":"standard","meta":{"_acf_changed":false,"footnotes":""},"categories":[1860],"tags":[],"class_list":["post-171469","post","type-post","status-publish","format-standard","has-post-thumbnail","hentry","category-ajuntament-d-alziraa"],"acf":[],"_links":{"self":[{"href":"https:\/\/alzira.es\/es\/wp-json\/wp\/v2\/posts\/171469","targetHints":{"allow":["GET"]}}],"collection":[{"href":"https:\/\/alzira.es\/es\/wp-json\/wp\/v2\/posts"}],"about":[{"href":"https:\/\/alzira.es\/es\/wp-json\/wp\/v2\/types\/post"}],"author":[{"embeddable":true,"href":"https:\/\/alzira.es\/es\/wp-json\/wp\/v2\/users\/36"}],"replies":[{"embeddable":true,"href":"https:\/\/alzira.es\/es\/wp-json\/wp\/v2\/comments?post=171469"}],"version-history":[{"count":1,"href":"https:\/\/alzira.es\/es\/wp-json\/wp\/v2\/posts\/171469\/revisions"}],"predecessor-version":[{"id":171472,"href":"https:\/\/alzira.es\/es\/wp-json\/wp\/v2\/posts\/171469\/revisions\/171472"}],"wp:featuredmedia":[{"embeddable":true,"href":"https:\/\/alzira.es\/es\/wp-json\/wp\/v2\/media\/171470"}],"wp:attachment":[{"href":"https:\/\/alzira.es\/es\/wp-json\/wp\/v2\/media?parent=171469"}],"wp:term":[{"taxonomy":"category","embeddable":true,"href":"https:\/\/alzira.es\/es\/wp-json\/wp\/v2\/categories?post=171469"},{"taxonomy":"post_tag","embeddable":true,"href":"https:\/\/alzira.es\/es\/wp-json\/wp\/v2\/tags?post=171469"}],"curies":[{"name":"wp","href":"https:\/\/api.w.org\/{rel}","templated":true}]}}