{"id":171438,"date":"2026-04-23T20:35:00","date_gmt":"2026-04-23T18:35:00","guid":{"rendered":"https:\/\/alzira.es\/?p=171438"},"modified":"2026-04-24T09:43:37","modified_gmt":"2026-04-24T07:43:37","slug":"larxiu-municipal-dalzira-celebra-el-dia-del-llibre-amb-la-presentacio-duna-publicacio-propia","status":"publish","type":"post","link":"https:\/\/alzira.es\/es\/larxiu-municipal-dalzira-celebra-el-dia-del-llibre-amb-la-presentacio-duna-publicacio-propia\/","title":{"rendered":"L\u2019Arxiu Municipal d\u2019Alzira celebra el Dia del Llibre amb la presentaci\u00f3 d\u2019una publicaci\u00f3 propia"},"content":{"rendered":"<p>\u201cDe S\u00e9quia Reial d\u2019Alzira a S\u00e9quia Reial del X\u00faquer\u201d, \u00e9s la nova obra de l\u2019historiador Tom\u00e0s Peris Albentosa<\/p>\n<p>L\u2019Arxiu Municipal d\u2019Alzira ha acollit\u00a0 esta vesprada la presentaci\u00f3 del llibre De S\u00e9quia d\u2019Alzira a S\u00e9quia Reial del X\u00faquer, de l\u2019historiador Tom\u00e0s Peris Albentosa, en una jornada especial marcada pel Dia del Llibre i la festivitat de Sant Jordi, que refor\u00e7a el paper de l\u2019arxiu com a centre clau en la recuperaci\u00f3 i difusi\u00f3 del patrimoni hist\u00f2ric local.<\/p>\n<p>La presentaci\u00f3, acompanyada d\u2019una xarrada posterior del mateix autor, s\u2019emmarca dins del Cicle de confer\u00e8ncies, Els documents d\u2019un rei. Una activitat programada amb motiu de l\u2019Any Jaume I, amb qu\u00e8 la ciutat commemora el 750\u00e9 aniversari de la mort del monarca. La coincid\u00e8ncia amb Sant Jordi ha aportat un car\u00e0cter especialment simb\u00f2lic a l\u2019acte, vinculant la promoci\u00f3 de la lectura amb la difusi\u00f3 del coneixement hist\u00f2ric.<\/p>\n<p>El llibre, editat per l\u2019Arxiu Municipal d\u2019Alzira, recupera dues obres fonamentals publicades en 1992 i 1995 i exhaurides des de fa m\u00e9s de vint anys. Esta nova edici\u00f3 incorpora una revisi\u00f3, ampliaci\u00f3 i actualitzaci\u00f3 dels continguts, aix\u00ed com nous documents i imatges procedents, en gran part, dels fons documentals conservats a l\u2019arxiu alzireny.<\/p>\n<p>L\u2019obra analitza el funcionament de la S\u00e9quia Reial del X\u00faquer entre els segles XIII i XIX, un dels principals sistemes de regadiu del litoral mediterrani. L\u2019estudi explica tant l\u2019evoluci\u00f3 de les infraestructures com el model de gesti\u00f3 de l\u2019aigua, basat en f\u00f3rmules comunit\u00e0ries que van permetre optimitzar un recurs esc\u00e0s i afavorir un sistema agrari intensiu i productiu.<\/p>\n<p>En este sentit, el regidor de Patrimoni Hist\u00f2ric, Turisme, Mem\u00f2ria Democr\u00e0tica i Comunicaci\u00f3, Xavier P\u00e9rez Juanes, ha destacat durant l\u2019acte \u201cla import\u00e0ncia de recuperar i posar a l\u2019abast de la ciutadania un treball fonamental per entendre el nostre territori i la nostra hist\u00f2ria hidr\u00e0ulica\u201d, i ha subratllat que \u201cl\u2019Arxiu Municipal d\u2019Alzira exerceix un paper essencial no sols en la conservaci\u00f3 dels documents, sin\u00f3 tamb\u00e9 en la seua difusi\u00f3 i en la generaci\u00f3 de coneixement\u201d.<\/p>\n<p>P\u00e9rez ha afegit que la publicaci\u00f3 \u201c\u00e9s un exemple de com la recerca rigorosa i la gesti\u00f3 del patrimoni poden contribuir a refor\u00e7ar la identitat col\u00b7lectiva i a valorar una her\u00e8ncia que encara hui condiciona el nostre paisatge i la nostra manera de viure\u201d.<\/p>\n<p>En este sentit, la publicaci\u00f3 posa tamb\u00e9 el focus en el valor dels arxius com a garants de la mem\u00f2ria col\u00b7lectiva. Bona part de la documentaci\u00f3 analitzada procedeix de l\u2019Arxiu Municipal d\u2019Alzira, que ha jugat un paper determinant en la seua conservaci\u00f3 i en la seua posada a disposici\u00f3 de la investigaci\u00f3.<\/p>\n<p>El treball de Tom\u00e0s Peris Albentosa, distingit amb la Ins\u00edgnia d\u2019Or de la Ciutat d\u2019Alzira, es consolida aix\u00ed com una refer\u00e8ncia per a l\u2019estudi dels regadius hist\u00f2rics i del territori valenci\u00e0. Al mateix temps, l\u2019edici\u00f3 del volum exemplifica la funci\u00f3 activa de l\u2019Arxiu Municipal com a agent cultural, capa\u00e7 de generar coneixement i transferir-lo a la ciutadania.<\/p>\n<p>Amb esta activitat, l\u2019Arxiu Municipal d\u2019Alzira continua refor\u00e7ant el seu paper com a espai de recerca, divulgaci\u00f3 i connexi\u00f3 entre el passat i el present, en una data tan significativa com el Dia del Llibre, posant en valor un patrimoni hidr\u00e0ulic clau per entendre la hist\u00f2ria i el desenvolupament de la Ribera.<\/p>\n\n\n<figure class=\"wp-block-image size-large\"><img fetchpriority=\"high\" decoding=\"async\" width=\"1430\" height=\"804\" src=\"https:\/\/alzira.es\/wp-content\/uploads\/2026\/04\/IMG_20260423_184953-1430x804.jpg\" alt=\"\" class=\"wp-image-171439\" srcset=\"https:\/\/alzira.es\/wp-content\/uploads\/2026\/04\/IMG_20260423_184953-1430x804.jpg 1430w, https:\/\/alzira.es\/wp-content\/uploads\/2026\/04\/IMG_20260423_184953-680x383.jpg 680w, https:\/\/alzira.es\/wp-content\/uploads\/2026\/04\/IMG_20260423_184953-768x432.jpg 768w, https:\/\/alzira.es\/wp-content\/uploads\/2026\/04\/IMG_20260423_184953-1536x864.jpg 1536w, https:\/\/alzira.es\/wp-content\/uploads\/2026\/04\/IMG_20260423_184953-2048x1152.jpg 2048w\" sizes=\"(max-width: 706px) 89vw, (max-width: 767px) 82vw, 740px\" \/><\/figure>\n","protected":false},"excerpt":{"rendered":"<p>\u201cDe S\u00e9quia Reial d\u2019Alzira a S\u00e9quia Reial del X\u00faquer\u201d, \u00e9s la nova obra de l\u2019historiador Tom\u00e0s Peris Albentosa L\u2019Arxiu Municipal d\u2019Alzira ha acollit\u00a0 esta vesprada la presentaci\u00f3 del llibre De S\u00e9quia d\u2019Alzira a S\u00e9quia Reial del X\u00faquer, de l\u2019historiador Tom\u00e0s Peris Albentosa, en una jornada especial marcada pel Dia del Llibre i la festivitat de &hellip; <\/p>\n<p class=\"link-more\"><a href=\"https:\/\/alzira.es\/es\/larxiu-municipal-dalzira-celebra-el-dia-del-llibre-amb-la-presentacio-duna-publicacio-propia\/\" class=\"more-link\">Continuar leyendo<span class=\"screen-reader-text\"> \u00abL\u2019Arxiu Municipal d\u2019Alzira celebra el Dia del Llibre amb la presentaci\u00f3 d\u2019una publicaci\u00f3 propia\u00bb<\/span><\/a><\/p>\n","protected":false},"author":36,"featured_media":171439,"comment_status":"closed","ping_status":"closed","sticky":false,"template":"","format":"standard","meta":{"_acf_changed":false,"footnotes":""},"categories":[1580],"tags":[],"class_list":["post-171438","post","type-post","status-publish","format-standard","has-post-thumbnail","hentry","category-museu-patrimoni-i-turisme"],"acf":[],"_links":{"self":[{"href":"https:\/\/alzira.es\/es\/wp-json\/wp\/v2\/posts\/171438","targetHints":{"allow":["GET"]}}],"collection":[{"href":"https:\/\/alzira.es\/es\/wp-json\/wp\/v2\/posts"}],"about":[{"href":"https:\/\/alzira.es\/es\/wp-json\/wp\/v2\/types\/post"}],"author":[{"embeddable":true,"href":"https:\/\/alzira.es\/es\/wp-json\/wp\/v2\/users\/36"}],"replies":[{"embeddable":true,"href":"https:\/\/alzira.es\/es\/wp-json\/wp\/v2\/comments?post=171438"}],"version-history":[{"count":1,"href":"https:\/\/alzira.es\/es\/wp-json\/wp\/v2\/posts\/171438\/revisions"}],"predecessor-version":[{"id":171441,"href":"https:\/\/alzira.es\/es\/wp-json\/wp\/v2\/posts\/171438\/revisions\/171441"}],"wp:featuredmedia":[{"embeddable":true,"href":"https:\/\/alzira.es\/es\/wp-json\/wp\/v2\/media\/171439"}],"wp:attachment":[{"href":"https:\/\/alzira.es\/es\/wp-json\/wp\/v2\/media?parent=171438"}],"wp:term":[{"taxonomy":"category","embeddable":true,"href":"https:\/\/alzira.es\/es\/wp-json\/wp\/v2\/categories?post=171438"},{"taxonomy":"post_tag","embeddable":true,"href":"https:\/\/alzira.es\/es\/wp-json\/wp\/v2\/tags?post=171438"}],"curies":[{"name":"wp","href":"https:\/\/api.w.org\/{rel}","templated":true}]}}