{"id":14271,"date":"2016-02-10T13:30:19","date_gmt":"2016-02-10T12:30:19","guid":{"rendered":"https:\/\/alzira.es\/exposicion-de-los-trabajos-de-los-talleres-de-arte-creatividad-y-crecimiento-personal\/"},"modified":"2021-04-19T10:51:17","modified_gmt":"2021-04-19T08:51:17","slug":"exposicion-de-los-trabajos-de-los-talleres-de-arte-creatividad-y-crecimiento-personal","status":"publish","type":"post","link":"https:\/\/alzira.es\/es\/exposicion-de-los-trabajos-de-los-talleres-de-arte-creatividad-y-crecimiento-personal\/","title":{"rendered":"Exposici\u00f3n de los trabajos de los Talleres de Arte, creatividad y crecimiento personal"},"content":{"rendered":"<p><strong>Ser\u00e1 el pr\u00f3ximo viernes, d\u00eda 12 de febrero a las 13:30 horas, en la segunda planta del edificio de Bienestar Social, en la calle Rambla s\/n.<\/strong><\/p>\n<p style=\"text-align: justify;\">Desde el a\u00f1o 2012 y hasta la actualidad, desde la Escuela de Artes Pl\u00e1sticas de Alzira se lleva a cabo un proyecto donde participan personas derivadas &nbsp;desde los distintos programas municipales. En \u00e9l se extraen sus capacidades e inquietudes que mediante la creatividad, extrapolan y materializan en obras art\u00edsticas.<\/p>\n<p>La persona responsable del mismo es Lambert Penalva, quien dedica de forma entusiasta su tiempo, por encontrar las capacidades personales de&nbsp;las personas participantes traduci\u00e9ndolas en clave art\u00edstica.<\/p>\n<p style=\"text-align: justify;\">Son dos los cursos dentro de este Proyecto que a d\u00eda de hoy se realizan bajo un mismo nombre: Arte, creatividad y crecimiento personal, y con dos niveles, uno inicial y otro avanzado donde acuden las personas de los anteriores a\u00f1os y cursos, seg\u00fan su nivel de consolidaci\u00f3n de los contenidos.<\/p>\n<p style=\"text-align: justify;\">Son dos concejal\u00edas las que combinan y se coordinan por poder llevar adelante este proyecto, Cultura con Servicios Sociales y Pol\u00edticas de Igualdad.<\/p>\n<p style=\"text-align: justify;\">El objetivo es ofrecer a las personas que acuden a los servicios y\/o integrantes de entidades sociales del municipio, la posibilidad de participar al mismo con la finalidad de experimentar un aumento de la autoestima y un cambio en la percepci\u00f3n del mundo representado y figurado.<br \/>Aproximadamente 25 personas acuden a estos cursos en horario de ma\u00f1ana, los martes y jueves.<\/p>\n<p>&nbsp;La exposici\u00f3n anual est\u00e1 ubicada en el edificio de Bienestar Social, en la calle Rambla.<\/p>\n","protected":false},"excerpt":{"rendered":"<p>Ser\u00e1 el pr\u00f3ximo viernes, d\u00eda 12 de febrero a las 13:30 horas, en la segunda planta del edificio de Bienestar Social, en la calle Rambla s\/n. Desde el a\u00f1o 2012 y hasta la actualidad, desde la Escuela de Artes Pl\u00e1sticas de Alzira se lleva a cabo un proyecto donde participan personas derivadas &nbsp;desde los distintos &hellip; <\/p>\n<p class=\"link-more\"><a href=\"https:\/\/alzira.es\/es\/exposicion-de-los-trabajos-de-los-talleres-de-arte-creatividad-y-crecimiento-personal\/\" class=\"more-link\">Continuar leyendo<span class=\"screen-reader-text\"> \u00abExposici\u00f3n de los trabajos de los Talleres de Arte, creatividad y crecimiento personal\u00bb<\/span><\/a><\/p>\n","protected":false},"author":29,"featured_media":0,"comment_status":"closed","ping_status":"","sticky":false,"template":"","format":"standard","meta":{"_acf_changed":false,"footnotes":""},"categories":[],"tags":[],"class_list":["post-14271","post","type-post","status-publish","format-standard","hentry"],"acf":[],"_links":{"self":[{"href":"https:\/\/alzira.es\/es\/wp-json\/wp\/v2\/posts\/14271","targetHints":{"allow":["GET"]}}],"collection":[{"href":"https:\/\/alzira.es\/es\/wp-json\/wp\/v2\/posts"}],"about":[{"href":"https:\/\/alzira.es\/es\/wp-json\/wp\/v2\/types\/post"}],"author":[{"embeddable":true,"href":"https:\/\/alzira.es\/es\/wp-json\/wp\/v2\/users\/29"}],"replies":[{"embeddable":true,"href":"https:\/\/alzira.es\/es\/wp-json\/wp\/v2\/comments?post=14271"}],"version-history":[{"count":0,"href":"https:\/\/alzira.es\/es\/wp-json\/wp\/v2\/posts\/14271\/revisions"}],"wp:attachment":[{"href":"https:\/\/alzira.es\/es\/wp-json\/wp\/v2\/media?parent=14271"}],"wp:term":[{"taxonomy":"category","embeddable":true,"href":"https:\/\/alzira.es\/es\/wp-json\/wp\/v2\/categories?post=14271"},{"taxonomy":"post_tag","embeddable":true,"href":"https:\/\/alzira.es\/es\/wp-json\/wp\/v2\/tags?post=14271"}],"curies":[{"name":"wp","href":"https:\/\/api.w.org\/{rel}","templated":true}]}}