{"id":140770,"date":"2023-07-20T12:47:05","date_gmt":"2023-07-20T10:47:05","guid":{"rendered":"https:\/\/alzira.es\/?p=140770"},"modified":"2023-07-20T12:47:08","modified_gmt":"2023-07-20T10:47:08","slug":"continuen-els-treballs-de-neteja-de-caminsrurals-solars-i-zones-enjardinades-dalzira","status":"publish","type":"post","link":"https:\/\/alzira.es\/es\/continuen-els-treballs-de-neteja-de-caminsrurals-solars-i-zones-enjardinades-dalzira\/","title":{"rendered":"Continuen els treballs de neteja de caminsrurals, solars i zones enjardinades d\u2019Alzira"},"content":{"rendered":"\n<p>Passat el primer mes de treballs dels 58 membres de les Brigades del Servei P\u00fablic d\u2019ocupaci\u00f3 Estatal, fem un balan\u00e7 positiu de les tasques per a la Millora del desenvolupament Rural a Alzira. \u00a0\u00a0\u00a0\u00a0\u00a0\u00a0\u00a0\u00a0<\/p>\n\n\n\n<p>Fins a hui, s&#8217;ha manteniment en camins i barrancs que s&#8217;assenyalen a continuaci\u00f3:<\/p>\n\n\n\n<ul class=\"wp-block-list\">\n<li>Assegador de Llopis<\/li>\n\n\n\n<li>Barranc Fosc.<\/li>\n\n\n\n<li>Barranc del Respirall.<\/li>\n\n\n\n<li>Barranc Tora<\/li>\n\n\n\n<li>Barranc de Vilella<\/li>\n\n\n\n<li>Barranc de la Falzia<\/li>\n\n\n\n<li>Cam\u00ed del Barranc de La Casella<\/li>\n\n\n\n<li>Cam\u00ed de Berca<\/li>\n\n\n\n<li>Cam\u00ed de l&#8217;Arena<\/li>\n\n\n\n<li>Cam\u00ed dels Pescadors<\/li>\n\n\n\n<li>Cam\u00ed Velasco<\/li>\n\n\n\n<li>Carretera Cabanyes<\/li>\n\n\n\n<li>Cam\u00ed Hort de Mengual<\/li>\n\n\n\n<li>Cam\u00ed San Bernabeu<\/li>\n\n\n\n<li>Cam\u00ed l&#8217;Alborx\u00ed<\/li>\n\n\n\n<li>Cam\u00ed Puchol<\/li>\n\n\n\n<li>Cam\u00ed Rafol<\/li>\n\n\n\n<li>Cam\u00ed Rumbau<\/li>\n\n\n\n<li>Cam\u00ed de la Gossera<\/li>\n\n\n\n<li>Cam\u00ed Vell d\u2019Alberic<\/li>\n<\/ul>\n\n\n\n<p>Durant els pr\u00f2xims dos mesos continuaran amb la neteja de residus i el desbrossament de diversos barrancs i camins del terme municipal, i tamb\u00e9 realitzaran tasques de desbrossament en parcel\u2022les municipals pertanyents a urbanitzacions i altres i repararan els clots de setze camins rurals.<\/p>\n\n\n\n<p>El regidor responsable de l&#8217;\u00e0rea, Enrique Montalv\u00e1, ha explicat que es treballar\u00e0 al llarg de tot l&#8217;estiu en els diferents camins del terme municipal. El principal objectiu de la regidoria d&#8217;Agricultura i Serveis per a la ciutat \u00e9s millorar la seguretat del tr\u00e0nsit de cara a la campanya agr\u00edcola<\/p>\n\n\n\n<p>Este programa d\u2019ocupaci\u00f3 t\u00e9 un doble vessant, d\u2019una banda la conservaci\u00f3 del medi rural i d\u2019altra pal pal\u2022liar la desocupaci\u00f3 agr\u00edcola estacional amb la finalitat de garantir als treballadors desocupats del r\u00e8gim agrari un complement de renda, en el marc de col\u2022laboraci\u00f3 de l\u2019Ajuntament d\u2019Alzira amb el Servei P\u00fablic d\u2019Ocupaci\u00f3 estatal (SEPE). Per a dur esta tasca , l\u2019Ajuntament d&#8217;Alzira ha rebut dues subvencions per un total de 259.177\u201992\u20ac del Servei P\u00fablic Ocupaci\u00f3 Estatal per a realitzar estes contractacions.<\/p>\n\n\n\n<p>Pel que fa a les actuacions dins de la ciutat, ja s\u2019han fet ja en Les Barraques, l\u2019Alquerieta, carrer Diego Almagro i diversos solars d&#8217;Alzira com els de Tulell, on s\u2019ha segat per a adequar les condicions de salubritat i higiene o s\u2019han portat a terme treballs de poda en altura en zones enjardinades com \u00e9s el cas de la pla\u00e7a Constituci\u00f3 per tal de sanejar els exemplars.<\/p>\n\n\n\n<figure class=\"wp-block-image size-large\"><img fetchpriority=\"high\" decoding=\"async\" width=\"1430\" height=\"1072\" src=\"https:\/\/alzira.es\/wp-content\/uploads\/2023\/07\/361658413_654931193334956_7080856019629969904_n-1430x1072.jpg\" alt=\"\" class=\"wp-image-140771\" srcset=\"https:\/\/alzira.es\/wp-content\/uploads\/2023\/07\/361658413_654931193334956_7080856019629969904_n-1430x1072.jpg 1430w, https:\/\/alzira.es\/wp-content\/uploads\/2023\/07\/361658413_654931193334956_7080856019629969904_n-680x510.jpg 680w, https:\/\/alzira.es\/wp-content\/uploads\/2023\/07\/361658413_654931193334956_7080856019629969904_n-768x576.jpg 768w, https:\/\/alzira.es\/wp-content\/uploads\/2023\/07\/361658413_654931193334956_7080856019629969904_n-1536x1152.jpg 1536w, https:\/\/alzira.es\/wp-content\/uploads\/2023\/07\/361658413_654931193334956_7080856019629969904_n.jpg 2040w\" sizes=\"(max-width: 706px) 89vw, (max-width: 767px) 82vw, 740px\" \/><\/figure>\n\n\n\n<figure class=\"wp-block-image size-full\"><img decoding=\"async\" width=\"1024\" height=\"966\" data-src=\"https:\/\/alzira.es\/wp-content\/uploads\/2023\/07\/WhatsApp-Image-2023-07-20-at-09.14.46.jpeg\" alt=\"\" class=\"wp-image-140773 lazyload\" data-srcset=\"https:\/\/alzira.es\/wp-content\/uploads\/2023\/07\/WhatsApp-Image-2023-07-20-at-09.14.46.jpeg 1024w, https:\/\/alzira.es\/wp-content\/uploads\/2023\/07\/WhatsApp-Image-2023-07-20-at-09.14.46-541x510.jpeg 541w, https:\/\/alzira.es\/wp-content\/uploads\/2023\/07\/WhatsApp-Image-2023-07-20-at-09.14.46-768x725.jpeg 768w\" data-sizes=\"(max-width: 706px) 89vw, (max-width: 767px) 82vw, 740px\" src=\"data:image\/svg+xml;base64,PHN2ZyB3aWR0aD0iMSIgaGVpZ2h0PSIxIiB4bWxucz0iaHR0cDovL3d3dy53My5vcmcvMjAwMC9zdmciPjwvc3ZnPg==\" style=\"--smush-placeholder-width: 1024px; --smush-placeholder-aspect-ratio: 1024\/966;\" \/><\/figure>\n\n\n\n<figure class=\"wp-block-image size-large\"><img decoding=\"async\" width=\"804\" height=\"1072\" data-src=\"https:\/\/alzira.es\/wp-content\/uploads\/2023\/07\/WhatsApp-Image-2023-07-20-at-09.15.31-2-804x1072.jpeg\" alt=\"\" class=\"wp-image-140775 lazyload\" data-srcset=\"https:\/\/alzira.es\/wp-content\/uploads\/2023\/07\/WhatsApp-Image-2023-07-20-at-09.15.31-2-804x1072.jpeg 804w, https:\/\/alzira.es\/wp-content\/uploads\/2023\/07\/WhatsApp-Image-2023-07-20-at-09.15.31-2-383x510.jpeg 383w, https:\/\/alzira.es\/wp-content\/uploads\/2023\/07\/WhatsApp-Image-2023-07-20-at-09.15.31-2-768x1024.jpeg 768w, https:\/\/alzira.es\/wp-content\/uploads\/2023\/07\/WhatsApp-Image-2023-07-20-at-09.15.31-2-300x400.jpeg 300w, https:\/\/alzira.es\/wp-content\/uploads\/2023\/07\/WhatsApp-Image-2023-07-20-at-09.15.31-2-1152x1536.jpeg 1152w, https:\/\/alzira.es\/wp-content\/uploads\/2023\/07\/WhatsApp-Image-2023-07-20-at-09.15.31-2.jpeg 1536w\" data-sizes=\"(max-width: 706px) 89vw, (max-width: 767px) 82vw, 740px\" src=\"data:image\/svg+xml;base64,PHN2ZyB3aWR0aD0iMSIgaGVpZ2h0PSIxIiB4bWxucz0iaHR0cDovL3d3dy53My5vcmcvMjAwMC9zdmciPjwvc3ZnPg==\" style=\"--smush-placeholder-width: 804px; --smush-placeholder-aspect-ratio: 804\/1072;\" \/><\/figure>\n","protected":false},"excerpt":{"rendered":"<p>Passat el primer mes de treballs dels 58 membres de les Brigades del Servei P\u00fablic d\u2019ocupaci\u00f3 Estatal, fem un balan\u00e7 positiu de les tasques per a la Millora del desenvolupament Rural a Alzira. \u00a0\u00a0\u00a0\u00a0\u00a0\u00a0\u00a0\u00a0 Fins a hui, s&#8217;ha manteniment en camins i barrancs que s&#8217;assenyalen a continuaci\u00f3: Durant els pr\u00f2xims dos mesos continuaran amb la &hellip; <\/p>\n<p class=\"link-more\"><a href=\"https:\/\/alzira.es\/es\/continuen-els-treballs-de-neteja-de-caminsrurals-solars-i-zones-enjardinades-dalzira\/\" class=\"more-link\">Continuar leyendo<span class=\"screen-reader-text\"> \u00abContinuen els treballs de neteja de caminsrurals, solars i zones enjardinades d\u2019Alzira\u00bb<\/span><\/a><\/p>\n","protected":false},"author":36,"featured_media":140773,"comment_status":"closed","ping_status":"closed","sticky":false,"template":"","format":"standard","meta":{"_acf_changed":false,"footnotes":""},"categories":[5132],"tags":[],"class_list":["post-140770","post","type-post","status-publish","format-standard","has-post-thumbnail","hentry","category-agricultura-2"],"acf":[],"_links":{"self":[{"href":"https:\/\/alzira.es\/es\/wp-json\/wp\/v2\/posts\/140770","targetHints":{"allow":["GET"]}}],"collection":[{"href":"https:\/\/alzira.es\/es\/wp-json\/wp\/v2\/posts"}],"about":[{"href":"https:\/\/alzira.es\/es\/wp-json\/wp\/v2\/types\/post"}],"author":[{"embeddable":true,"href":"https:\/\/alzira.es\/es\/wp-json\/wp\/v2\/users\/36"}],"replies":[{"embeddable":true,"href":"https:\/\/alzira.es\/es\/wp-json\/wp\/v2\/comments?post=140770"}],"version-history":[{"count":1,"href":"https:\/\/alzira.es\/es\/wp-json\/wp\/v2\/posts\/140770\/revisions"}],"predecessor-version":[{"id":140777,"href":"https:\/\/alzira.es\/es\/wp-json\/wp\/v2\/posts\/140770\/revisions\/140777"}],"wp:featuredmedia":[{"embeddable":true,"href":"https:\/\/alzira.es\/es\/wp-json\/wp\/v2\/media\/140773"}],"wp:attachment":[{"href":"https:\/\/alzira.es\/es\/wp-json\/wp\/v2\/media?parent=140770"}],"wp:term":[{"taxonomy":"category","embeddable":true,"href":"https:\/\/alzira.es\/es\/wp-json\/wp\/v2\/categories?post=140770"},{"taxonomy":"post_tag","embeddable":true,"href":"https:\/\/alzira.es\/es\/wp-json\/wp\/v2\/tags?post=140770"}],"curies":[{"name":"wp","href":"https:\/\/api.w.org\/{rel}","templated":true}]}}