{"id":12892,"date":"2015-11-30T11:50:46","date_gmt":"2015-11-30T10:50:46","guid":{"rendered":"https:\/\/alzira.es\/clausura-del-curso-de-cuidadores-no-profesionales-de-personas-dependientes\/"},"modified":"2015-11-30T11:50:46","modified_gmt":"2015-11-30T10:50:46","slug":"clausura-del-curso-de-cuidadores-no-profesionales-de-personas-dependientes","status":"publish","type":"post","link":"https:\/\/alzira.es\/es\/clausura-del-curso-de-cuidadores-no-profesionales-de-personas-dependientes\/","title":{"rendered":"CLAUSURA DEL CURSO DE CUIDADORES NO PROFESIONALES DE PERSONAS DEPENDIENTES"},"content":{"rendered":"<p>El pasado d\u00eda 13 de noviembre, en la Casa de la Cultura, se celebr\u00f3 la clausura del curso de cuidadores no profesionales de personas dependientes, organizado por la unidad de atenci\u00f3n a la dependencia de la Concejal\u00eda de Servicios Sociales. En esta tercera edici\u00f3n de la acci\u00f3n formativa han participado un total de 29 asistentes, familiares, que actualmente atienden personas con discapacidad y mayores.<\/p>\n<p>Se debe destacar especialmente aspectos como la participaci\u00f3n activa de todos los cuidadores, la implicaci\u00f3n en les temas tratados y las experiencias personales aportadas a lo largo de todas las sesiones.<\/p>\n<p>En el acto de clausura del curso, presidido por el Alcalde, Diego G\u00f3mez Garc\u00eda y con la presencia de la Concejala de Servicios Sociales, Marina Mir Mochol\u00ed, se desarroll\u00f3 un foro de debate con las propuestas y sugerencias de los participantes, sobre los contenidos impartidos y sobre sus aportaciones, no solo como cuidadores implicados en la atenci\u00f3n a personas con necesidades especiales, sino tambi\u00e9n como ciudadanos preocupados por mejorar el modelo de ciudad.<\/p>\n<p><img fetchpriority=\"high\" decoding=\"async\" width=\"800\" height=\"600\" class=\" size-full wp-image-12890\" style=\"display: block; margin-left: auto; margin-right: auto;\" src=\"https:\/\/alzira.es\/wp-content\/uploads\/2015\/11\/CURS-CURADORES-DEPENDENCIA-2015-170.jpg\" alt=\"CURS CURADORES DEPEND\u00c8NCIA - 2015 170\" srcset=\"https:\/\/alzira.es\/wp-content\/uploads\/2015\/11\/CURS-CURADORES-DEPENDENCIA-2015-170.jpg 800w, https:\/\/alzira.es\/wp-content\/uploads\/2015\/11\/CURS-CURADORES-DEPENDENCIA-2015-170-680x510.jpg 680w, https:\/\/alzira.es\/wp-content\/uploads\/2015\/11\/CURS-CURADORES-DEPENDENCIA-2015-170-768x576.jpg 768w\" sizes=\"(max-width: 706px) 89vw, (max-width: 767px) 82vw, 740px\" \/><\/p>\n","protected":false},"excerpt":{"rendered":"<p>El pasado d\u00eda 13 de noviembre, en la Casa de la Cultura, se celebr\u00f3 la clausura del curso de cuidadores no profesionales de personas dependientes, organizado por la unidad de atenci\u00f3n a la dependencia de la Concejal\u00eda de Servicios Sociales. En esta tercera edici\u00f3n de la acci\u00f3n formativa han participado un total de 29 asistentes, &hellip; <\/p>\n<p class=\"link-more\"><a href=\"https:\/\/alzira.es\/es\/clausura-del-curso-de-cuidadores-no-profesionales-de-personas-dependientes\/\" class=\"more-link\">Continuar leyendo<span class=\"screen-reader-text\"> \u00abCLAUSURA DEL CURSO DE CUIDADORES NO PROFESIONALES DE PERSONAS DEPENDIENTES\u00bb<\/span><\/a><\/p>\n","protected":false},"author":29,"featured_media":12889,"comment_status":"","ping_status":"","sticky":false,"template":"","format":"standard","meta":{"_acf_changed":false,"footnotes":""},"categories":[],"tags":[],"class_list":["post-12892","post","type-post","status-publish","format-standard","has-post-thumbnail","hentry"],"acf":[],"_links":{"self":[{"href":"https:\/\/alzira.es\/es\/wp-json\/wp\/v2\/posts\/12892","targetHints":{"allow":["GET"]}}],"collection":[{"href":"https:\/\/alzira.es\/es\/wp-json\/wp\/v2\/posts"}],"about":[{"href":"https:\/\/alzira.es\/es\/wp-json\/wp\/v2\/types\/post"}],"author":[{"embeddable":true,"href":"https:\/\/alzira.es\/es\/wp-json\/wp\/v2\/users\/29"}],"replies":[{"embeddable":true,"href":"https:\/\/alzira.es\/es\/wp-json\/wp\/v2\/comments?post=12892"}],"version-history":[{"count":0,"href":"https:\/\/alzira.es\/es\/wp-json\/wp\/v2\/posts\/12892\/revisions"}],"wp:featuredmedia":[{"embeddable":true,"href":"https:\/\/alzira.es\/es\/wp-json\/wp\/v2\/media\/12889"}],"wp:attachment":[{"href":"https:\/\/alzira.es\/es\/wp-json\/wp\/v2\/media?parent=12892"}],"wp:term":[{"taxonomy":"category","embeddable":true,"href":"https:\/\/alzira.es\/es\/wp-json\/wp\/v2\/categories?post=12892"},{"taxonomy":"post_tag","embeddable":true,"href":"https:\/\/alzira.es\/es\/wp-json\/wp\/v2\/tags?post=12892"}],"curies":[{"name":"wp","href":"https:\/\/api.w.org\/{rel}","templated":true}]}}