{"id":12519,"date":"2015-11-03T14:11:33","date_gmt":"2015-11-03T13:11:33","guid":{"rendered":"https:\/\/alzira.es\/exito-de-asistencia-y-participacion-en-la-jornada-sobre-accion-comunitaria-intercultural-celebrada-en-alzira\/"},"modified":"2015-11-03T14:11:33","modified_gmt":"2015-11-03T13:11:33","slug":"exito-de-asistencia-y-participacion-en-la-jornada-sobre-accion-comunitaria-intercultural-celebrada-en-alzira","status":"publish","type":"post","link":"https:\/\/alzira.es\/es\/exito-de-asistencia-y-participacion-en-la-jornada-sobre-accion-comunitaria-intercultural-celebrada-en-alzira\/","title":{"rendered":"\u00c9xito de asistencia y participaci\u00f3n en la Jornada sobre Acci\u00f3n Comunitaria Intercultural celebrada en Alzira"},"content":{"rendered":"<p style=\"text-align: justify;\">El pasado 28 de octubre se celebr\u00f3 en la Casa de la Cultura de Alzira una Jornada de Acci\u00f3n Comunitaria Intercultural. Alrededor de 150 personas participaron activamente y aportaron sus experiencias y opiniones, demostrando que la ciudadan\u00eda quiere ser protagonista en la construcci\u00f3n y desarrollo de su comunidad.<\/p>\n<p>La iniciativa parti\u00f3 del Centro de Participaci\u00f3n Ciudadana adscrito al \u00c1rea de Servicios Sociales del Ayuntamiento de Alzira y la Fundaci\u00f3n Cepaim Convivencia y Cohesi\u00f3n social, con la colaboraci\u00f3n de la Universidad de Valencia y la Asociaci\u00f3n de vecinos de L\u2019Alquerieta.<\/p>\n<p style=\"text-align: justify;\">La Jornada estuvo presidida por un ambiente de encuentro y colaboraci\u00f3n, entre unos participantes deseosos de conocer nuevas experiencias y aprender de los diferentes procesos comunitarios que se expusieron. Muchos eran j\u00f3venes estudiantes de Master de la Universidad de Valencia y de Integraci\u00f3n social, otros profesionales de Servicios Sociales y de la acci\u00f3n comunitaria, as\u00ed como vecinos y personas comprometidas que quisieron conocer y plantear su realidad.<\/p>\n<p style=\"text-align: justify;\">Inauguraron la Jornada D\u00aa Aitana Mas i Mas, Directora General de Transparencia, Responsabilidad Social, Participaci\u00f3n y Cooperaci\u00f3n de la Generalitat Valenciana, D\u00aa Marina Mir Mochol\u00ed, Concejala de Servicios Sociales del Ayuntamiento de Alzira, y Juan Antonio Segura, Director de la Fundaci\u00f3n Cepaim.<\/p>\n<p style=\"text-align: justify;\">El ato comenz\u00f3 con un formato novedoso, un di\u00e1logo abierto sobre las dimensiones de la acci\u00f3n comunitaria. Los profesores Albert Moncus\u00ed y Xavi Uceda, de la Universidad de Valencia y Juan Antonio Segura, Director de la Fundaci\u00f3n Cepaim y Presidente de la Comisi\u00f3n de Pol\u00edticas de Integraci\u00f3n del Ministerio de Empleo y Seguridad Social, desarrollaron sus planteamientos de manera brillante y muy esclarecedora. Pero el debate no se redujo a estos tres invitados de excepci\u00f3n, sino que sus intervenciones se iban completando con las ricas aportaciones y opiniones de los participantes, haciendo del conversatorio un espacio de intercambio y reflexi\u00f3n.<\/p>\n<p style=\"text-align: justify;\">Los temas m\u00e1s repetidos giraron en torno a la necesidad de activar mecanismos de encuentro y convivencia vecinal y de barrio, as\u00ed como las propuestas de abrir espacios de di\u00e1logo y trabajo conjunto entre las administraciones, los t\u00e9cnicos y la ciudadan\u00eda.<\/p>\n<p style=\"text-align: justify;\">La Jornada matinal se complet\u00f3 con cuatro interesantes experiencias y procesos comunitarios que se est\u00e1n desarrollando en diferentes lugares, L\u2019Alquerieta de Alzira, el barrio de Carr\u00fas en Elche, Orriols de Valencia y El Raval de Algemes\u00ed. Por&nbsp;la tarde se trabajaron diferentes temas como las comunidades de aprendizaje, la dimensi\u00f3n urban\u00edstica o la salud desde la visi\u00f3n comunitaria.<\/p>\n<p>El buen humor, a modo de clownclusiones cerr\u00f3 esta Jornada, con la sensaci\u00f3n de haber compartido un d\u00eda extraordinario en la magn\u00edfica aventura de construir conjuntamente una sociedad mejor.<\/p>\n<p>Esta Jornada ha sido financiada gracias al apoyo del Ayuntamiento de Alzira, la Conselleria de Transparencia, Responsabilidad Social, Participaci\u00f3n y Cooperaci\u00f3n, y por la Uni\u00f3n Europea FAMI, del Fondo de Asilo, Migraci\u00f3n e integraci\u00f3n.<\/p>\n","protected":false},"excerpt":{"rendered":"<p>El pasado 28 de octubre se celebr\u00f3 en la Casa de la Cultura de Alzira una Jornada de Acci\u00f3n Comunitaria Intercultural. Alrededor de 150 personas participaron activamente y aportaron sus experiencias y opiniones, demostrando que la ciudadan\u00eda quiere ser protagonista en la construcci\u00f3n y desarrollo de su comunidad. La iniciativa parti\u00f3 del Centro de Participaci\u00f3n &hellip; <\/p>\n<p class=\"link-more\"><a href=\"https:\/\/alzira.es\/es\/exito-de-asistencia-y-participacion-en-la-jornada-sobre-accion-comunitaria-intercultural-celebrada-en-alzira\/\" class=\"more-link\">Continuar leyendo<span class=\"screen-reader-text\"> \u00ab\u00c9xito de asistencia y participaci\u00f3n en la Jornada sobre Acci\u00f3n Comunitaria Intercultural celebrada en Alzira\u00bb<\/span><\/a><\/p>\n","protected":false},"author":29,"featured_media":12517,"comment_status":"","ping_status":"","sticky":false,"template":"","format":"standard","meta":{"_acf_changed":false,"footnotes":""},"categories":[],"tags":[],"class_list":["post-12519","post","type-post","status-publish","format-standard","has-post-thumbnail","hentry"],"acf":[],"_links":{"self":[{"href":"https:\/\/alzira.es\/es\/wp-json\/wp\/v2\/posts\/12519","targetHints":{"allow":["GET"]}}],"collection":[{"href":"https:\/\/alzira.es\/es\/wp-json\/wp\/v2\/posts"}],"about":[{"href":"https:\/\/alzira.es\/es\/wp-json\/wp\/v2\/types\/post"}],"author":[{"embeddable":true,"href":"https:\/\/alzira.es\/es\/wp-json\/wp\/v2\/users\/29"}],"replies":[{"embeddable":true,"href":"https:\/\/alzira.es\/es\/wp-json\/wp\/v2\/comments?post=12519"}],"version-history":[{"count":0,"href":"https:\/\/alzira.es\/es\/wp-json\/wp\/v2\/posts\/12519\/revisions"}],"wp:featuredmedia":[{"embeddable":true,"href":"https:\/\/alzira.es\/es\/wp-json\/wp\/v2\/media\/12517"}],"wp:attachment":[{"href":"https:\/\/alzira.es\/es\/wp-json\/wp\/v2\/media?parent=12519"}],"wp:term":[{"taxonomy":"category","embeddable":true,"href":"https:\/\/alzira.es\/es\/wp-json\/wp\/v2\/categories?post=12519"},{"taxonomy":"post_tag","embeddable":true,"href":"https:\/\/alzira.es\/es\/wp-json\/wp\/v2\/tags?post=12519"}],"curies":[{"name":"wp","href":"https:\/\/api.w.org\/{rel}","templated":true}]}}