{"id":12435,"date":"2015-10-30T14:11:54","date_gmt":"2015-10-30T13:11:54","guid":{"rendered":"https:\/\/alzira.es\/accion-formativa-en-el-marco-de-la-ley-de-autonomia-personal-y-atencion-a-las-personas-en-situacion-de-dependencia-2\/"},"modified":"2015-10-30T14:11:54","modified_gmt":"2015-10-30T13:11:54","slug":"accion-formativa-en-el-marco-de-la-ley-de-autonomia-personal-y-atencion-a-las-personas-en-situacion-de-dependencia-2","status":"publish","type":"post","link":"https:\/\/alzira.es\/es\/accion-formativa-en-el-marco-de-la-ley-de-autonomia-personal-y-atencion-a-las-personas-en-situacion-de-dependencia-2\/","title":{"rendered":"ACCI\u00d3N FORMATIVA EN EL MARCO DE LA LEY DE  AUTONOM\u00cdA PERSONAL Y ATENCI\u00d3N A LAS PERSONAS EN SITUACI\u00d3N DE DEPENDENCIA"},"content":{"rendered":"<p><strong>Tendr\u00e1 lugar a la Casa de la Cultura, entre los d\u00edas 2 y 13 noviembre de 2015, en horario de 10:00 a 12:30 horas. <\/strong><br \/><strong>El acto inaugural estar\u00e1 a cargo de la Concejala de Servicios Sociales, Marina Mir Mochol\u00ed, el pr\u00f3ximo d\u00eda 2 de noviembre a las 10 horas en la Casa de la Cultura.<\/strong><\/p>\n<p>En el marco normativo establecido en la Ley 39\/2006 de autonom\u00eda personal y atenci\u00f3n a las personas en situaci\u00f3n de dependencia, se hace referencia a la necesidad de formaci\u00f3n espec\u00edfica enfocada a los y las cuidadores\/as familiares.<\/p>\n<p>En este \u00e1mbito se recoge la obligatoriedad de las administraciones p\u00fablicas de establecer planes formativos dirigidos a sectores poblacionales con necesidades especiales, seg\u00fan los principios instituidos por la legislaci\u00f3n vigente.<\/p>\n<p>En este curso se abordar\u00e1n conocimientos y estrategias para la atenci\u00f3n y la auto ayuda, que contribuyan a que la atenci\u00f3n de una persona en situaci\u00f3n de dependencia sea una oportunidad para establecer una relaci\u00f3n de ayuda satisfactoria y gratificante para todos los implicados.<\/p>\n<p>Se pretende la adquisici\u00f3n de conocimientos y destrezas b\u00e1sicas para poder desarrollar ciertas tareas adecuadamente, al mismo tiempo que compartir con otras personas cuidadoras, experiencias y poder resolver todas las dudas o inquietudes que su papel les ocasiona.<\/p>\n<p>Este a\u00f1o se contin\u00faa con el encargo efectuado a trav\u00e9s de la Conselleria de Igualtat y Pol\u00edtiques Inclusives, la participaci\u00f3n de l\u2019Ajuntament d\u2019Alzira, por medio de la Unidad Municipal de Atenci\u00f3n a la Dependencia, como el dise\u00f1o, programaci\u00f3n y seguimiento de la formaci\u00f3n.<\/p>\n<p>El curso, constar\u00e1 de 10 sesiones de car\u00e1cter presencial, con una duraci\u00f3n total de 25 horas.<\/p>\n<p>Tendr\u00e1 entre otros, los siguientes contenidos tem\u00e1ticos:<\/p>\n<p>&#8211; Cat\u00e1logo de prestaciones y servicios de desarrollo personal e informaci\u00f3n sobre recursos sociales.<br \/>&#8211; Procesos y espacios de participaci\u00f3n ciudadana. Importancia de los mecanismos que facilitan la ayuda mutua y la colaboraci\u00f3n social.<br \/>&#8211; Papel de los y las cuidadores\/as no profesionales.<br \/>&#8211; Marco jur\u00eddico de la Ley de Dependencia. Nociones b\u00e1sicas sobre la normativa y derechos de ciudadan\u00eda.<br \/>&#8211; Competencias y habilidades para la atenci\u00f3n.<br \/>&#8211; Procedimientos y estrategias de intervenci\u00f3n en salud mental, haciendo especial incidencia en personas con demencias.<br \/>&#8211; El envejecimiento activo desde la perspectiva municipal.<br \/>&#8211; Acciones y espacios de cooperaci\u00f3n municipal.<br \/>&#8211; Sistemas de abordaje e inserci\u00f3n en menores discapacitados.<br \/>&#8211; Salud p\u00fablica y comunitaria.<br \/>&#8211; La atenci\u00f3n de enfermer\u00eda en diferentes contextos de intervenci\u00f3n sanitaria<\/p>\n","protected":false},"excerpt":{"rendered":"<p>Tendr\u00e1 lugar a la Casa de la Cultura, entre los d\u00edas 2 y 13 noviembre de 2015, en horario de 10:00 a 12:30 horas. El acto inaugural estar\u00e1 a cargo de la Concejala de Servicios Sociales, Marina Mir Mochol\u00ed, el pr\u00f3ximo d\u00eda 2 de noviembre a las 10 horas en la Casa de la Cultura. &hellip; <\/p>\n<p class=\"link-more\"><a href=\"https:\/\/alzira.es\/es\/accion-formativa-en-el-marco-de-la-ley-de-autonomia-personal-y-atencion-a-las-personas-en-situacion-de-dependencia-2\/\" class=\"more-link\">Continuar leyendo<span class=\"screen-reader-text\"> \u00abACCI\u00d3N FORMATIVA EN EL MARCO DE LA LEY DE  AUTONOM\u00cdA PERSONAL Y ATENCI\u00d3N A LAS PERSONAS EN SITUACI\u00d3N DE DEPENDENCIA\u00bb<\/span><\/a><\/p>\n","protected":false},"author":29,"featured_media":0,"comment_status":"","ping_status":"","sticky":false,"template":"","format":"standard","meta":{"_acf_changed":false,"footnotes":""},"categories":[],"tags":[],"class_list":["post-12435","post","type-post","status-publish","format-standard","hentry"],"acf":[],"_links":{"self":[{"href":"https:\/\/alzira.es\/es\/wp-json\/wp\/v2\/posts\/12435","targetHints":{"allow":["GET"]}}],"collection":[{"href":"https:\/\/alzira.es\/es\/wp-json\/wp\/v2\/posts"}],"about":[{"href":"https:\/\/alzira.es\/es\/wp-json\/wp\/v2\/types\/post"}],"author":[{"embeddable":true,"href":"https:\/\/alzira.es\/es\/wp-json\/wp\/v2\/users\/29"}],"replies":[{"embeddable":true,"href":"https:\/\/alzira.es\/es\/wp-json\/wp\/v2\/comments?post=12435"}],"version-history":[{"count":0,"href":"https:\/\/alzira.es\/es\/wp-json\/wp\/v2\/posts\/12435\/revisions"}],"wp:attachment":[{"href":"https:\/\/alzira.es\/es\/wp-json\/wp\/v2\/media?parent=12435"}],"wp:term":[{"taxonomy":"category","embeddable":true,"href":"https:\/\/alzira.es\/es\/wp-json\/wp\/v2\/categories?post=12435"},{"taxonomy":"post_tag","embeddable":true,"href":"https:\/\/alzira.es\/es\/wp-json\/wp\/v2\/tags?post=12435"}],"curies":[{"name":"wp","href":"https:\/\/api.w.org\/{rel}","templated":true}]}}