{"id":12205,"date":"2015-09-28T14:08:40","date_gmt":"2015-09-28T12:08:40","guid":{"rendered":"https:\/\/alzira.es\/el-dimecres-tindra-lloc-la-primera-assemblea-ciutadana-en-l-ajuntament-d-alzira-2\/"},"modified":"2015-09-28T14:08:40","modified_gmt":"2015-09-28T12:08:40","slug":"el-dimecres-tindra-lloc-la-primera-assemblea-ciutadana-en-l-ajuntament-d-alzira-2","status":"publish","type":"post","link":"https:\/\/alzira.es\/es\/el-dimecres-tindra-lloc-la-primera-assemblea-ciutadana-en-l-ajuntament-d-alzira-2\/","title":{"rendered":"El dimecres tindr\u00e0 lloc la primera assemblea ciutadana en l&#8217;Ajuntament d&#8217;Alzira"},"content":{"rendered":"<div style=\"text-align: justify;\"><span style=\"font-size: 14.4px; line-height: 1.6;\">Dins dels objectius de l&#8217;equip de govern est\u00e0 ser plurals, transparents i participatius. \u00abEls ve\u00efns i ve\u00efnes d&#8217;Alzira deuen ser part activa del treball que es realitza en la ciutat, des de la presa de decisions fins a poder aportar idees, suggeriments i projectes que ajuden a revitalitzar, i fer m\u00e9s agradable, la conviv\u00e8ncia i el dia a dia a Alzira\u00bb, aix\u00ed s&#8217;ha manifestat Inmaculada Onrubia, regidora de Participaci\u00f3 Ciutadana.<\/span><\/div>\n<div style=\"text-align: justify;\"><span style=\"line-height: 1.6;\">&nbsp;<\/span><\/div>\n<div style=\"text-align: justify;\"><span style=\"line-height: 1.6;\">L&#8217;alcalde, Diego G\u00f3mez, junt amb Inmaculada Onrubia, s\u2019han reunit em l&#8217;Ajuntament amb els membres de les diverses associacions ve\u00efnals de la ciutat. Per una banda els han presentat la nova Carta de Participaci\u00f3 Ciutadana, i han destacat que una de les principals novetats \u00e9s la creaci\u00f3 d&#8217;una assemblea ciutadana, un hora abans de cada sessi\u00f3 plen\u00e0ria, per tal que els ciutadans puguen formular tot all\u00f2 que creguen oport\u00fa per tal d&#8217;establir lla\u00e7os d&#8217;uni\u00f3 entre la ciutadania i l&#8217;Ajuntament, sempre dins de l&#8217;exercici dels drets de control democr\u00e0tic i de l&#8217;acci\u00f3 del govern.<\/span><\/div>\n<div style=\"text-align: justify;\"><span style=\"line-height: 1.6;\">&nbsp;<\/span><\/div>\n<div style=\"text-align: justify;\"><span style=\"line-height: 1.6;\">\u00abEsta assemblea deu convertir-se en un mecanisme de di\u00e0leg real, entre ciutadans i corporaci\u00f3, que ens permeta la participaci\u00f3 efectiva a l&#8217;hora de prendre decisions en l\u2019\u00e0mbit local, i aportar solucions i millores per a fer entre tots la ciutat que volem\u00bb, ha manifestar Onrubia. La primera d&#8217;estes assemblees tindr\u00e0 lloc este dimecres, 30 de setembre, a les 18 hores, un hora abans de la sessi\u00f3 del Ple corresponent a este mes.<\/span><\/div>\n<div style=\"text-align: justify;\"><span style=\"line-height: 1.6;\">&nbsp;<\/span><\/div>\n<div style=\"text-align: justify;\"><span style=\"line-height: 1.6;\">Dins de la nova Carta de Participaci\u00f3 hi ha m\u00e9s q\u00fcestions a destacar, com la creaci\u00f3 de les consultes populars per a articular les necessitats que deriven en fer realitat el que vertaderament demanden els ciutadans. Fins al moment la presa de decisions ha recaigut en el govern de torn, des d\u2019ara es pret\u00e9n donar una participaci\u00f3 activa als ciutadans a l&#8217;hora de prendre decisions que marquen el futur d&#8217;Alzira.&nbsp;<\/span><\/div>\n<div style=\"text-align: justify;\"><span style=\"line-height: 1.6;\">&nbsp;<\/span><\/div>\n<div style=\"text-align: justify;\"><span style=\"line-height: 1.6;\">Volem ser el govern m\u00e9s obert, plural, participatiu i transparent de la hist\u00f2ria de la democr\u00e0cia en la nostra ciutat. Entre tots farem d&#8217;Alzira la ciutat que volem.<\/span><\/div>\n<div style=\"text-align: justify;\"><span style=\"line-height: 1.6;\">&nbsp;<\/span><\/div>\n<div style=\"text-align: right;\"><a title=\"Carta de participaci\u00f3 ciutadana\" href=\"contenidos\/noticias\/Varios\/151025_carta_participacion_ciutadana.pdf\" target=\"_blank\" rel=\"noopener\"><span style=\"font-size: 12pt;\"><strong><em><span style=\"line-height: 1.6;\"><img decoding=\"async\" width=\"18\" height=\"15\" class=\"size-full wp-image-12201 lazyload\" data-src=\"https:\/\/alzira.es\/wp-content\/uploads\/2015\/09\/pdf_rojo.gif\" alt=\"pdf rojo\" src=\"data:image\/svg+xml;base64,PHN2ZyB3aWR0aD0iMSIgaGVpZ2h0PSIxIiB4bWxucz0iaHR0cDovL3d3dy53My5vcmcvMjAwMC9zdmciPjwvc3ZnPg==\" style=\"--smush-placeholder-width: 18px; --smush-placeholder-aspect-ratio: 18\/15;\" \/>&nbsp;Enlla\u00e7 per a obtindre la carta de participaci\u00f3 ciutadana.<\/span><\/em><\/strong><\/span><\/a><\/div>\n","protected":false},"excerpt":{"rendered":"<p>Dins dels objectius de l&#8217;equip de govern est\u00e0 ser plurals, transparents i participatius. \u00abEls ve\u00efns i ve\u00efnes d&#8217;Alzira deuen ser part activa del treball que es realitza en la ciutat, des de la presa de decisions fins a poder aportar idees, suggeriments i projectes que ajuden a revitalitzar, i fer m\u00e9s agradable, la conviv\u00e8ncia i &hellip; <\/p>\n<p class=\"link-more\"><a href=\"https:\/\/alzira.es\/es\/el-dimecres-tindra-lloc-la-primera-assemblea-ciutadana-en-l-ajuntament-d-alzira-2\/\" class=\"more-link\">Continuar leyendo<span class=\"screen-reader-text\"> \u00abEl dimecres tindr\u00e0 lloc la primera assemblea ciutadana en l&#8217;Ajuntament d&#8217;Alzira\u00bb<\/span><\/a><\/p>\n","protected":false},"author":29,"featured_media":12200,"comment_status":"","ping_status":"","sticky":false,"template":"","format":"standard","meta":{"_acf_changed":false,"footnotes":""},"categories":[],"tags":[],"class_list":["post-12205","post","type-post","status-publish","format-standard","has-post-thumbnail","hentry"],"acf":[],"_links":{"self":[{"href":"https:\/\/alzira.es\/es\/wp-json\/wp\/v2\/posts\/12205","targetHints":{"allow":["GET"]}}],"collection":[{"href":"https:\/\/alzira.es\/es\/wp-json\/wp\/v2\/posts"}],"about":[{"href":"https:\/\/alzira.es\/es\/wp-json\/wp\/v2\/types\/post"}],"author":[{"embeddable":true,"href":"https:\/\/alzira.es\/es\/wp-json\/wp\/v2\/users\/29"}],"replies":[{"embeddable":true,"href":"https:\/\/alzira.es\/es\/wp-json\/wp\/v2\/comments?post=12205"}],"version-history":[{"count":0,"href":"https:\/\/alzira.es\/es\/wp-json\/wp\/v2\/posts\/12205\/revisions"}],"wp:featuredmedia":[{"embeddable":true,"href":"https:\/\/alzira.es\/es\/wp-json\/wp\/v2\/media\/12200"}],"wp:attachment":[{"href":"https:\/\/alzira.es\/es\/wp-json\/wp\/v2\/media?parent=12205"}],"wp:term":[{"taxonomy":"category","embeddable":true,"href":"https:\/\/alzira.es\/es\/wp-json\/wp\/v2\/categories?post=12205"},{"taxonomy":"post_tag","embeddable":true,"href":"https:\/\/alzira.es\/es\/wp-json\/wp\/v2\/tags?post=12205"}],"curies":[{"name":"wp","href":"https:\/\/api.w.org\/{rel}","templated":true}]}}