{"id":121639,"date":"2022-05-09T14:29:27","date_gmt":"2022-05-09T12:29:27","guid":{"rendered":"https:\/\/alzira.es\/exito-rotundo-del-nanfest-alzira-2022\/"},"modified":"2022-05-13T09:01:26","modified_gmt":"2022-05-13T07:01:26","slug":"exito-rotundo-del-nanfest-alzira-2022","status":"publish","type":"post","link":"https:\/\/alzira.es\/es\/exito-rotundo-del-nanfest-alzira-2022\/","title":{"rendered":"\u00c9xito rotundo del Nan@fest Alzira 2022"},"content":{"rendered":"<ul>\n<li><strong>Alrededor de 5.000 personas se divierten en la edici\u00f3n de este a\u00f1o, que consolida el festival como un referente comarcal<\/strong><\/li>\n<\/ul>\n<p><strong>Alzira, 9 de mayo de 2022<\/strong>. Alrededor de 5.000 personas acudieron en el parque de l\u2019Alquen\u00e8ncia de Alzira para participar en la sexta edici\u00f3n de este festival, dirigido al p\u00fablico familiar, que es todo un referente comarcal.\u00a0 Los ni\u00f1os y las ni\u00f1as\u00a0 participaron en las 50 actividades (talleres, animaciones, juegos, actuaciones, bailes, representaciones\u2026) con muchas ganas de jugar, divertirse, experimentar y descubrir.<\/p>\n<p>Los asistentes pod\u00edan adquirir una mochila, una camiseta, el tablero de los Juegos de Dril y el helado que ICFC obsequi\u00f3 a los m\u00e1s peque\u00f1os. En la entrada pod\u00edan dibujar y firmar en el libro de bienvenida,\u00a0 hacerse una foto con Dril,\u00a0 al photocall con los modismos alcire\u00f1os y en la lona \u00abJuguem amb el logo de la Capitalitat Cultural\u00bb.<\/p>\n<p>Cada actividad estaba perfectamente delimitada y cumpliendo las normas sanitarias vigentes. Aunque hab\u00eda una gran variedad de opciones, en algunas hubo que hacer un poco de cola, sobre todo en el taller de cer\u00e1mica de Xavier Claur, el espacio de multiaventura, el roc\u00f3dromo y lo Escape Room.<\/p>\n<p>Y mucha m\u00fasica, empezando con el pasacalle y el concierto de la Banda Joven de la Sociedad Musical, el Grupo de Danzas de Alzira, zumba, batucada, Espacio de Rock y las animaciones de Pupetes y de Escura Producciones.<\/p>\n<p>El escenario principal reuni\u00f3 un numeroso p\u00fablico que sentado sobre el c\u00e9sped o de pie, cantaban y bailaban las canciones de Dani Miquel y los Ma Me Mi Mo M\u00fasics (por la ma\u00f1ana),\u00a0 La Factor\u00eda de Sonidos y Aitana Ferrer, Canta Canalla (tarde).<\/p>\n<p>Por otra parte, cuentacuentos, teatro, pintura, pompas de jab\u00f3n, pintacaras, globoflexia, zona de relajaci\u00f3n, juegos tradicionales\u2026 Los ni\u00f1os y las ni\u00f1as tambi\u00e9n tuvieron la oportunidad de subir al cami\u00f3n de los bomberos, ambulancia, z\u00f2diac, regar con la manga, gracias a la implicaci\u00f3n de Protecci\u00f3n Civil, Polic\u00eda Local y Bomberos.<\/p>\n<p>Tambi\u00e9n hay que destacar los estands de asociaciones como La Cua, Cepaim, la Nostra Veu, Creu Roja, Adafir, la Ribera en bici\u2026 Y editoriales como Reclam, Bromera, Edicions 96, Gusanillo\u2026<\/p>\n<p>El regidor de Cultura, Alfred Aranda, manifiesta que \u00abel balance que hace el equipo de la Concejal\u00eda de Cultura del Nan@fest 2022 es m\u00e1s que satisfactorio. Todo funcion\u00f3 como estaba previsto, ninguna incidencia, r\u00e9cord de participaci\u00f3n y much\u00edsimas felicitaciones por parte de los visitantes. Es una gran satisfacci\u00f3n contribuir a hacer llegar la magia, la creatividad y la diversi\u00f3n del Nan@ofest a los ni\u00f1os y las ni\u00f1as, algunos de los cuales es la primera vez que lo viven con toda su intensidad. \u00a0Hab\u00eda un ambiente de proximidad, de receptividad y de diversidad que nos anima a seguir en esta l\u00ednea\u00bb.<\/p>\n\n<figure class=\"wp-block-gallery has-nested-images columns-default is-cropped wp-block-gallery-1 is-layout-flex wp-block-gallery-is-layout-flex\">\n<figure class=\"wp-block-image size-large\"><img fetchpriority=\"high\" decoding=\"async\" width=\"1430\" height=\"804\" data-id=\"121423\" src=\"https:\/\/alzira.es\/wp-content\/uploads\/2022\/05\/1652086958280-1430x804.jpg\" alt=\"\" class=\"wp-image-121423\" srcset=\"https:\/\/alzira.es\/wp-content\/uploads\/2022\/05\/1652086958280-1430x804.jpg 1430w, https:\/\/alzira.es\/wp-content\/uploads\/2022\/05\/1652086958280-680x383.jpg 680w, https:\/\/alzira.es\/wp-content\/uploads\/2022\/05\/1652086958280-768x432.jpg 768w, https:\/\/alzira.es\/wp-content\/uploads\/2022\/05\/1652086958280-1536x864.jpg 1536w, https:\/\/alzira.es\/wp-content\/uploads\/2022\/05\/1652086958280-2048x1152.jpg 2048w\" sizes=\"(max-width: 706px) 89vw, (max-width: 767px) 82vw, 740px\" \/><\/figure>\n\n\n\n<figure class=\"wp-block-image size-large\"><img decoding=\"async\" width=\"1430\" height=\"804\" data-id=\"121421\" data-src=\"https:\/\/alzira.es\/wp-content\/uploads\/2022\/05\/Nan@fest-2022-1430x804.jpg\" alt=\"\" class=\"wp-image-121421 lazyload\" data-srcset=\"https:\/\/alzira.es\/wp-content\/uploads\/2022\/05\/Nan@fest-2022-1430x804.jpg 1430w, https:\/\/alzira.es\/wp-content\/uploads\/2022\/05\/Nan@fest-2022-680x383.jpg 680w, https:\/\/alzira.es\/wp-content\/uploads\/2022\/05\/Nan@fest-2022-768x432.jpg 768w, https:\/\/alzira.es\/wp-content\/uploads\/2022\/05\/Nan@fest-2022-1536x864.jpg 1536w, https:\/\/alzira.es\/wp-content\/uploads\/2022\/05\/Nan@fest-2022-2048x1152.jpg 2048w\" data-sizes=\"(max-width: 706px) 89vw, (max-width: 767px) 82vw, 740px\" src=\"data:image\/svg+xml;base64,PHN2ZyB3aWR0aD0iMSIgaGVpZ2h0PSIxIiB4bWxucz0iaHR0cDovL3d3dy53My5vcmcvMjAwMC9zdmciPjwvc3ZnPg==\" style=\"--smush-placeholder-width: 1430px; --smush-placeholder-aspect-ratio: 1430\/804;\" \/><\/figure>\n<\/figure>\n","protected":false},"excerpt":{"rendered":"<p>Alrededor de 5.000 personas se divierten en la edici\u00f3n de este a\u00f1o, que consolida el festival como un referente comarcal Alzira, 9 de mayo de 2022. Alrededor de 5.000 personas acudieron en el parque de l\u2019Alquen\u00e8ncia de Alzira para participar en la sexta edici\u00f3n de este festival, dirigido al p\u00fablico familiar, que es todo un &hellip; <\/p>\n<p class=\"link-more\"><a href=\"https:\/\/alzira.es\/es\/exito-rotundo-del-nanfest-alzira-2022\/\" class=\"more-link\">Continuar leyendo<span class=\"screen-reader-text\"> \u00ab\u00c9xito rotundo del Nan@fest Alzira 2022\u00bb<\/span><\/a><\/p>\n","protected":false},"author":36,"featured_media":121421,"comment_status":"closed","ping_status":"","sticky":false,"template":"","format":"standard","meta":{"_acf_changed":false,"footnotes":""},"categories":[4],"tags":[],"class_list":["post-121639","post","type-post","status-publish","format-standard","has-post-thumbnail","hentry","category-noticias-alzira"],"acf":[],"_links":{"self":[{"href":"https:\/\/alzira.es\/es\/wp-json\/wp\/v2\/posts\/121639","targetHints":{"allow":["GET"]}}],"collection":[{"href":"https:\/\/alzira.es\/es\/wp-json\/wp\/v2\/posts"}],"about":[{"href":"https:\/\/alzira.es\/es\/wp-json\/wp\/v2\/types\/post"}],"author":[{"embeddable":true,"href":"https:\/\/alzira.es\/es\/wp-json\/wp\/v2\/users\/36"}],"replies":[{"embeddable":true,"href":"https:\/\/alzira.es\/es\/wp-json\/wp\/v2\/comments?post=121639"}],"version-history":[{"count":1,"href":"https:\/\/alzira.es\/es\/wp-json\/wp\/v2\/posts\/121639\/revisions"}],"predecessor-version":[{"id":121640,"href":"https:\/\/alzira.es\/es\/wp-json\/wp\/v2\/posts\/121639\/revisions\/121640"}],"wp:featuredmedia":[{"embeddable":true,"href":"https:\/\/alzira.es\/es\/wp-json\/wp\/v2\/media\/121421"}],"wp:attachment":[{"href":"https:\/\/alzira.es\/es\/wp-json\/wp\/v2\/media?parent=121639"}],"wp:term":[{"taxonomy":"category","embeddable":true,"href":"https:\/\/alzira.es\/es\/wp-json\/wp\/v2\/categories?post=121639"},{"taxonomy":"post_tag","embeddable":true,"href":"https:\/\/alzira.es\/es\/wp-json\/wp\/v2\/tags?post=121639"}],"curies":[{"name":"wp","href":"https:\/\/api.w.org\/{rel}","templated":true}]}}