{"id":121106,"date":"2022-04-21T11:29:51","date_gmt":"2022-04-21T09:29:51","guid":{"rendered":"https:\/\/alzira.es\/alzira-comienza-un-proceso-participativo-para-transformar-la-ciudad\/"},"modified":"2022-05-03T09:31:17","modified_gmt":"2022-05-03T07:31:17","slug":"alzira-comienza-un-proceso-participativo-para-transformar-la-ciudad","status":"publish","type":"post","link":"https:\/\/alzira.es\/es\/alzira-comienza-un-proceso-participativo-para-transformar-la-ciudad\/","title":{"rendered":"Alzira comienza un proceso participativo para transformar la ciudad"},"content":{"rendered":"<ul>\n<li><strong><strong>Se elaborar\u00e1n encuestas a pie de calle y en l\u00ednea<\/strong><\/strong>&nbsp;<\/li>\n<li><strong>Se han convocado talleres orientados a las asociaciones de la ciudad<\/strong><\/li>\n<\/ul>\n<p><strong>Alzira, 21 de abril de 2022<\/strong>._ Qu\u00e9 esperes de tu pueblo en un futuro pr\u00f3ximo?Cu\u00e1les son las fortalezas de Alzira? Qu\u00e9 es puede mejorar? Estas son algunas de las cuestiones de fondos que se quieren responder con la elaboraci\u00f3n de encuestas a la ciudadan\u00eda que se pueden completar tanto en l\u00ednea como pie de calle, en este segundo caso se orientar\u00e1n principalmente a las personas mayores, sin acceso a internet.<\/p>\n<p>El Ayuntamiento de Alzira comienza este proceso participativo para conocer la opini\u00f3n de los diferentes perfiles que integran la ciudad, ciudadan\u00eda, asociaciones, t\u00e9cnicos y miembros de la corporaci\u00f3n participan en el diagn\u00f3stico Participativo del Plan Urbano de actuaci\u00f3n Municipal (PUAM ALZIRA) es un documento de car\u00e1cter estrat\u00e9gico local que describe las l\u00edneas de actuaci\u00f3n del municipio de Alzira, con el fin de incorporar los objetivos establecidos por la Agenda 2030 y por la Agenda Urbana Espa\u00f1ola, y las prioridades futuras respecto a obras y servicios en la agenda urbana municipal.<\/p>\n<p>Las encuestas en l\u00ednea se pueden contestar accediendo al formulario https:\/\/forms.gle\/thZ5HZFPng1ceNBX6. Adem\u00e1s, martes 26 y mi\u00e9rcoles 27 de abril los encuestadores de la empresa autorizada por el Ayuntamiento Count Transporte, estar\u00e1n a lo largo de la ma\u00f1ana en varios puntos de la ciudad. Martes de 9.30 a 13.30 estar\u00e1n en la zona de Les Basses i Parc de l\u2019Alquen\u00e8ncia, y mi\u00e9rcoles estar\u00e1n en la zona del mercado ambulante, pla\u00e7a Major i Avinguda Sants Patrons.<\/p>\n<p>Por otro lado se quiere recoger las opiniones de los diferentes agentes sociales, tejido asociativo municipal, grupos de inter\u00e9s, y colectivo de j\u00f3venes, y para lograr este objetivo se han planteado talleres participativos a los que han sido convocados directamente.<\/p>\n<p>\u201cEl objetivo de este plan de transformar los espacios y \u00e1reas municipales y para conseguir-pedimos la participaci\u00f3n de la ciudadan\u00eda en las encuestas y debates para concretar un dise\u00f1o municipal de futuro, resultado de la reflexi\u00f3n y la acci\u00f3n colectiva. Tenemos la oportunidad de hacer una Alzira m\u00e1s habitable, justa, inclusiva, saludable, inteligente y sostenible\u201d ha explicado el regidor de Proyectos e Infraestructuras, Fernando Pascual.<\/p>\n<p>Teniendo en cuenta el \u00e1mbito f\u00edsico, territorial y del entorno urbano; demogr\u00e1fico y social; econ\u00f3mico; de infraestructuras p\u00fablicas y recursos; medioambiental y energ\u00e9tico; as\u00ed como educativo, sociocultural y deportivo; se pide a los participantes \u00a0identificar los puntos d\u00e9biles y fuertes de Alzira para cada uno de los 10 ejes estrat\u00e9gicos que define la Agenda Urbana Espa\u00f1ola:<\/p>\n<p>EIX 1.T ERRITORIO, PAISAJE Y BIODIVERSIDAD<\/p>\n<p>EIX 2: MODELO DE CIUDAD<\/p>\n<p>EIX 3: CAMBIO CLIM\u00c1TICO Y RESILIENCIA<\/p>\n<p>EIX 4. GESTI\u00d3N SOSTENIBLE DE LOS RECURSOS Y ECONOM\u00cdA CIRCULAR<\/p>\n<p>EIX 5: MOVILIDAD Y TRANSPORTE<\/p>\n<p>EIX 6: COHESI\u00d3N SOCIAL E IGUALDAD DE OPORTUNIDADES<\/p>\n<p>EIX 7. ECONOM\u00cdA URBANA<\/p>\n<p>EIX 8. VIVIENDA<\/p>\n<p>EIX 9. ERA DIGITAL<\/p>\n<p>EIX 10. INSTRUMENTOS Y GOBERNANZA<\/p>\n<p>El objetivo de este proceso diagn\u00f3stico resulta especialmente \u00fatil, para tener una visi\u00f3n integrada y multidimensional de la realidad, detect\u00e1ndose los principales problemas y retos a los cuales se enfrenta nuestra ciudad.<\/p>\n\n<figure class=\"wp-block-image size-large\"><img fetchpriority=\"high\" decoding=\"async\" width=\"1430\" height=\"810\" src=\"https:\/\/alzira.es\/wp-content\/uploads\/2022\/04\/portada-encuesta-1430x810.png\" alt=\"\" class=\"wp-image-119833\" srcset=\"https:\/\/alzira.es\/wp-content\/uploads\/2022\/04\/portada-encuesta-1430x810.png 1430w, https:\/\/alzira.es\/wp-content\/uploads\/2022\/04\/portada-encuesta-680x385.png 680w, https:\/\/alzira.es\/wp-content\/uploads\/2022\/04\/portada-encuesta-768x435.png 768w, https:\/\/alzira.es\/wp-content\/uploads\/2022\/04\/portada-encuesta-1536x870.png 1536w, https:\/\/alzira.es\/wp-content\/uploads\/2022\/04\/portada-encuesta-2048x1160.png 2048w\" sizes=\"(max-width: 706px) 89vw, (max-width: 767px) 82vw, 740px\" \/><\/figure>\n","protected":false},"excerpt":{"rendered":"<p>Se elaborar\u00e1n encuestas a pie de calle y en l\u00ednea&nbsp; Se han convocado talleres orientados a las asociaciones de la ciudad Alzira, 21 de abril de 2022._ Qu\u00e9 esperes de tu pueblo en un futuro pr\u00f3ximo?Cu\u00e1les son las fortalezas de Alzira? Qu\u00e9 es puede mejorar? Estas son algunas de las cuestiones de fondos que se &hellip; <\/p>\n<p class=\"link-more\"><a href=\"https:\/\/alzira.es\/es\/alzira-comienza-un-proceso-participativo-para-transformar-la-ciudad\/\" class=\"more-link\">Continuar leyendo<span class=\"screen-reader-text\"> \u00abAlzira comienza un proceso participativo para transformar la ciudad\u00bb<\/span><\/a><\/p>\n","protected":false},"author":36,"featured_media":119833,"comment_status":"closed","ping_status":"","sticky":false,"template":"","format":"standard","meta":{"_acf_changed":false,"footnotes":""},"categories":[4],"tags":[],"class_list":["post-121106","post","type-post","status-publish","format-standard","has-post-thumbnail","hentry","category-noticias-alzira"],"acf":[],"_links":{"self":[{"href":"https:\/\/alzira.es\/es\/wp-json\/wp\/v2\/posts\/121106","targetHints":{"allow":["GET"]}}],"collection":[{"href":"https:\/\/alzira.es\/es\/wp-json\/wp\/v2\/posts"}],"about":[{"href":"https:\/\/alzira.es\/es\/wp-json\/wp\/v2\/types\/post"}],"author":[{"embeddable":true,"href":"https:\/\/alzira.es\/es\/wp-json\/wp\/v2\/users\/36"}],"replies":[{"embeddable":true,"href":"https:\/\/alzira.es\/es\/wp-json\/wp\/v2\/comments?post=121106"}],"version-history":[{"count":1,"href":"https:\/\/alzira.es\/es\/wp-json\/wp\/v2\/posts\/121106\/revisions"}],"predecessor-version":[{"id":121107,"href":"https:\/\/alzira.es\/es\/wp-json\/wp\/v2\/posts\/121106\/revisions\/121107"}],"wp:featuredmedia":[{"embeddable":true,"href":"https:\/\/alzira.es\/es\/wp-json\/wp\/v2\/media\/119833"}],"wp:attachment":[{"href":"https:\/\/alzira.es\/es\/wp-json\/wp\/v2\/media?parent=121106"}],"wp:term":[{"taxonomy":"category","embeddable":true,"href":"https:\/\/alzira.es\/es\/wp-json\/wp\/v2\/categories?post=121106"},{"taxonomy":"post_tag","embeddable":true,"href":"https:\/\/alzira.es\/es\/wp-json\/wp\/v2\/tags?post=121106"}],"curies":[{"name":"wp","href":"https:\/\/api.w.org\/{rel}","templated":true}]}}