{"id":11198,"date":"2015-03-30T12:51:24","date_gmt":"2015-03-30T10:51:24","guid":{"rendered":"https:\/\/alzira.es\/sos-vacaciones-de-pascua\/"},"modified":"2015-03-30T12:51:24","modified_gmt":"2015-03-30T10:51:24","slug":"sos-vacaciones-de-pascua","status":"publish","type":"post","link":"https:\/\/alzira.es\/es\/sos-vacaciones-de-pascua\/","title":{"rendered":"\u00a1SOS, vacaciones de Pascua!"},"content":{"rendered":"<p style=\"font-family: sans-serif; font-size: 14.3999996185303px; line-height: 23.0399990081787px; text-align: center;\"><span style=\"color: #800000; font-size: 18pt;\"><strong><span style=\"font-family: Calibri, sans-serif;\">PASQUA EN FAM\u00cdLIA<\/span><\/strong><\/span><\/p>\n<p style=\"font-family: sans-serif; font-size: 14.3999996185303px; line-height: 23.0399990081787px;\"><span style=\"font-size: 12pt;\">\u00a1SOS, vacaciones de Pascua!<\/span><\/p>\n<p style=\"font-family: sans-serif; font-size: 14.3999996185303px; line-height: 23.0399990081787px;\"><span style=\"font-size: 12pt;\">Se acercan las vacaciones de Pascua y, como cada a\u00f1o, los ni\u00f1os y ni\u00f1as de la casa pasan m\u00e1s tiempo con la familia. \u00bfQuer\u00e9is hacer actividades pascueras en familia y necesitais ideas? En este bolet\u00edn, elaborado por el Departamento de Educaci\u00f3n e Infancia, queremos proponer a las familias alzire\u00f1as ideas y alternativas para hacer actividades pascueras, aprovechando el entorno natural y las actividades culturales de nuestra ciudad, cerca y sin gastar mucho.<\/span><\/p>\n<p style=\"font-family: sans-serif; font-size: 14.3999996185303px; line-height: 23.0399990081787px;\"><span style=\"font-size: 12pt;\">\u00a1Quien no disfruta de las vacaciones en familia es porque no quiere!<\/span><\/p>\n<p style=\"font-family: sans-serif; font-size: 14.3999996185303px; line-height: 23.0399990081787px;\">&nbsp;<a href=\"https:\/\/alzira.es\/wp-content\/uploads\/2015\/02\/Pasqua-en-Familia.-Abril-2015.pdf\" target=\"_blank\" rel=\"noopener\"><img fetchpriority=\"high\" decoding=\"async\" class=\" size-full wp-image-10433\" style=\"display: block; margin-left: auto; margin-right: auto;\" src=\"https:\/\/alzira.es\/wp-content\/uploads\/2015\/02\/pasqua-en-familia.jpg\" alt=\"pasqua en familia\" width=\"318\" height=\"457\" srcset=\"https:\/\/alzira.es\/wp-content\/uploads\/2015\/02\/pasqua-en-familia.jpg 584w, https:\/\/alzira.es\/wp-content\/uploads\/2015\/02\/pasqua-en-familia-355x510.jpg 355w\" sizes=\"(max-width: 318px) 100vw, 318px\" \/><\/a><\/p>\n","protected":false},"excerpt":{"rendered":"<p>PASQUA EN FAM\u00cdLIA \u00a1SOS, vacaciones de Pascua! Se acercan las vacaciones de Pascua y, como cada a\u00f1o, los ni\u00f1os y ni\u00f1as de la casa pasan m\u00e1s tiempo con la familia. \u00bfQuer\u00e9is hacer actividades pascueras en familia y necesitais ideas? En este bolet\u00edn, elaborado por el Departamento de Educaci\u00f3n e Infancia, queremos proponer a las familias &hellip; <\/p>\n<p class=\"link-more\"><a href=\"https:\/\/alzira.es\/es\/sos-vacaciones-de-pascua\/\" class=\"more-link\">Continuar leyendo<span class=\"screen-reader-text\"> \u00ab\u00a1SOS, vacaciones de Pascua!\u00bb<\/span><\/a><\/p>\n","protected":false},"author":20,"featured_media":10433,"comment_status":"","ping_status":"","sticky":false,"template":"","format":"standard","meta":{"_acf_changed":false,"footnotes":""},"categories":[],"tags":[],"class_list":["post-11198","post","type-post","status-publish","format-standard","has-post-thumbnail","hentry"],"acf":[],"_links":{"self":[{"href":"https:\/\/alzira.es\/es\/wp-json\/wp\/v2\/posts\/11198","targetHints":{"allow":["GET"]}}],"collection":[{"href":"https:\/\/alzira.es\/es\/wp-json\/wp\/v2\/posts"}],"about":[{"href":"https:\/\/alzira.es\/es\/wp-json\/wp\/v2\/types\/post"}],"author":[{"embeddable":true,"href":"https:\/\/alzira.es\/es\/wp-json\/wp\/v2\/users\/20"}],"replies":[{"embeddable":true,"href":"https:\/\/alzira.es\/es\/wp-json\/wp\/v2\/comments?post=11198"}],"version-history":[{"count":0,"href":"https:\/\/alzira.es\/es\/wp-json\/wp\/v2\/posts\/11198\/revisions"}],"wp:featuredmedia":[{"embeddable":true,"href":"https:\/\/alzira.es\/es\/wp-json\/wp\/v2\/media\/10433"}],"wp:attachment":[{"href":"https:\/\/alzira.es\/es\/wp-json\/wp\/v2\/media?parent=11198"}],"wp:term":[{"taxonomy":"category","embeddable":true,"href":"https:\/\/alzira.es\/es\/wp-json\/wp\/v2\/categories?post=11198"},{"taxonomy":"post_tag","embeddable":true,"href":"https:\/\/alzira.es\/es\/wp-json\/wp\/v2\/tags?post=11198"}],"curies":[{"name":"wp","href":"https:\/\/api.w.org\/{rel}","templated":true}]}}