{"id":10956,"date":"2015-03-12T12:27:54","date_gmt":"2015-03-12T11:27:54","guid":{"rendered":"https:\/\/alzira.es\/quien-puede-votar-en-estas-elecciones\/"},"modified":"2015-03-12T12:27:54","modified_gmt":"2015-03-12T11:27:54","slug":"quien-puede-votar-en-estas-elecciones","status":"publish","type":"post","link":"https:\/\/alzira.es\/es\/quien-puede-votar-en-estas-elecciones\/","title":{"rendered":"\u00bfQui\u00e9n puede votar en estas Elecciones?"},"content":{"rendered":"<h3>\u00bfQui\u00e9n puede votar en estas Elecciones?<\/h3>\n<p>El d\u00eda 22 de mayo de 2011 podr\u00e1n votar:<\/p>\n<ol>\n<li>Espa\u00f1oles residentes en Espa\u00f1a. Todos los espa\u00f1oles mayores de edad inscritos en el Censo Electoral que residan en Espa\u00f1a podr\u00e1n votar en todos los procesos convocados.<\/li>\n<li>Espa\u00f1oles residentes en el extranjero. Los espa\u00f1oles residentes temporalmente en el extranjero pueden votar en todos los procesos celebrados. Los espa\u00f1oles residentes permanentemente en el extranjero (CERA) solo pueden votar en las elecciones a Asambleas Legislativas de las Comunidades Aut\u00f3nomas y a Asambleas de Ceuta y Melilla.<\/li>\n<li>Ciudadanos de la Uni\u00f3n Europea residentes en Espa\u00f1a. Pueden votar en las elecciones locales. Para figurar en las listas electorales, requisito imprescindible para poder votar, deben estar inscritos en el censo electoral y para ello se requiere estar inscrito en el Padr\u00f3n municipal, ser mayor de edad el d\u00eda de la votaci\u00f3n y haber declarado la intenci\u00f3n de votar en las elecciones municipales.&nbsp;La manifestaci\u00f3n de voluntad de ejercer el derecho de sufragio en Espa\u00f1a tiene car\u00e1cter permanente mientras el ciudadano de un pa\u00eds de la Uni\u00f3n Europea contin\u00fae residiendo en Espa\u00f1a, salvo declaraci\u00f3n en otro sentido.<\/li>\n<li>Ciudadanos de pa\u00edses con Acuerdos de reciprocidad sobre participaci\u00f3n en las Elecciones municipales.&nbsp;Los Estados con Acuerdos de reciprocidad, en vigor, suscritos por Espa\u00f1a son: Noruega, Ecuador, Nueva Zelanda, Colombia, Chile, Per\u00fa, Paraguay, Islandia, Bolivia y Cabo Verde, Estados que reconocen el derecho de voto en las Elecciones Municipales a los ciudadanos espa\u00f1oles residentes en su territorio.&nbsp;Los ciudadanos de dichos Estados, residentes en Espa\u00f1a, pueden votar en las elecciones municipales y en las elecciones a \u00f3rganos de entidades locales de \u00e1mbito territorial inferior al municipio (EATIMS). Para figurar en las listas electorales, requisito indispensable para poder votar, deben estar inscritos en el censo electoral de las elecciones municipales previa solicitud del interesado. (El plazo de presentaci\u00f3n de esta solicitud finaliz\u00f3 el d\u00eda 25 de enero de 2011).<\/li>\n<\/ol>\n<p>Condiciones para el ejercicio del derecho de voto en las elecciones municipales espa\u00f1olas por parte de los ciudadanos de los Estados antes citados:<\/p>\n<ol>\n<li>Los ciudadanos de Noruega, Ecuador, Nueva Zelanda, Colombia, Chile, Per\u00fa, Paraguay, Islandia, Bolivia y Cabo Verde, mayores de dieciocho a\u00f1os el d\u00eda de la votaci\u00f3n y que no est\u00e9n privados del derecho de sufragio activo, podr\u00e1n votar en las elecciones municipales (y a EATIMS) en Espa\u00f1a.<\/li>\n<li>Para ello, deber\u00e1n estar en posesi\u00f3n de la correspondiente autorizaci\u00f3n de residencia en Espa\u00f1a.<\/li>\n<li>Deber\u00e1n haber residido legalmente en Espa\u00f1a el tiempo exigido en el correspondiente Acuerdo (cinco a\u00f1os en el momento de la solicitud de inscripci\u00f3n en el censo electoral y, en el caso de los nacionales de Noruega, tres a\u00f1os el d\u00eda de la votaci\u00f3n).<\/li>\n<li>Ejercer\u00e1n el derecho de voto en el Municipio de su residencia habitual, en cuyo padr\u00f3n municipal deber\u00e1n figurar inscritos.<\/li>\n<li>La inscripci\u00f3n en el censo electoral de extranjeros residentes en Espa\u00f1a es requisito indispensable para poder ejercer el derecho de sufragio activo y se har\u00e1 a instancia de parte. Esta instancia se presentar\u00e1 en el Ayuntamiento en cuyo padr\u00f3n municipal figure inscrito. (<a href=\"http:\/\/www.ine.es\/oficina_censo\/elecmun2011\/elecmun2011_fce_paises.htm\">http:\/\/www.ine.es\/oficina_censo\/elecmun2011\/elecmun2011_fce_paises.htm<\/a> )<\/li>\n<\/ol>\n<p>&nbsp;<\/p>\n","protected":false},"excerpt":{"rendered":"<p>\u00bfQui\u00e9n puede votar en estas Elecciones? El d\u00eda 22 de mayo de 2011 podr\u00e1n votar: Espa\u00f1oles residentes en Espa\u00f1a. Todos los espa\u00f1oles mayores de edad inscritos en el Censo Electoral que residan en Espa\u00f1a podr\u00e1n votar en todos los procesos convocados. Espa\u00f1oles residentes en el extranjero. Los espa\u00f1oles residentes temporalmente en el extranjero pueden votar &hellip; <\/p>\n<p class=\"link-more\"><a href=\"https:\/\/alzira.es\/es\/quien-puede-votar-en-estas-elecciones\/\" class=\"more-link\">Continuar leyendo<span class=\"screen-reader-text\"> \u00ab\u00bfQui\u00e9n puede votar en estas Elecciones?\u00bb<\/span><\/a><\/p>\n","protected":false},"author":29,"featured_media":0,"comment_status":"","ping_status":"","sticky":false,"template":"","format":"standard","meta":{"_acf_changed":false,"footnotes":""},"categories":[],"tags":[],"class_list":["post-10956","post","type-post","status-publish","format-standard","hentry"],"acf":[],"_links":{"self":[{"href":"https:\/\/alzira.es\/es\/wp-json\/wp\/v2\/posts\/10956","targetHints":{"allow":["GET"]}}],"collection":[{"href":"https:\/\/alzira.es\/es\/wp-json\/wp\/v2\/posts"}],"about":[{"href":"https:\/\/alzira.es\/es\/wp-json\/wp\/v2\/types\/post"}],"author":[{"embeddable":true,"href":"https:\/\/alzira.es\/es\/wp-json\/wp\/v2\/users\/29"}],"replies":[{"embeddable":true,"href":"https:\/\/alzira.es\/es\/wp-json\/wp\/v2\/comments?post=10956"}],"version-history":[{"count":0,"href":"https:\/\/alzira.es\/es\/wp-json\/wp\/v2\/posts\/10956\/revisions"}],"wp:attachment":[{"href":"https:\/\/alzira.es\/es\/wp-json\/wp\/v2\/media?parent=10956"}],"wp:term":[{"taxonomy":"category","embeddable":true,"href":"https:\/\/alzira.es\/es\/wp-json\/wp\/v2\/categories?post=10956"},{"taxonomy":"post_tag","embeddable":true,"href":"https:\/\/alzira.es\/es\/wp-json\/wp\/v2\/tags?post=10956"}],"curies":[{"name":"wp","href":"https:\/\/api.w.org\/{rel}","templated":true}]}}